{"id":186860,"date":"2024-06-06T10:00:52","date_gmt":"2024-06-06T13:00:52","guid":{"rendered":"https:\/\/www.vagasrio.com.br\/?p=186860"},"modified":"2024-06-06T10:00:52","modified_gmt":"2024-06-06T13:00:52","slug":"encarregado-de-estoque-rio-de-janeiro-rj-4","status":"publish","type":"post","link":"https:\/\/www.vagasrio.com.br\/index.php\/2024\/06\/06\/encarregado-de-estoque-rio-de-janeiro-rj-4\/","title":{"rendered":"Encarregado de Estoque &#8211; Rio de Janeiro &#8211; RJ"},"content":{"rendered":"<p style=\"text-align: justify;\">Descri\u00e7\u00e3o:<\/p>\n<ul style=\"text-align: justify;\">\n<li>Empresa e-commerce\/Loja virtual de Venda de M\u00f3veis e Colch\u00f5es.<\/li>\n<\/ul>\n<p style=\"text-align: justify;\">Requisitos:<\/p>\n<ul style=\"text-align: justify;\">\n<li>Ensino M\u00e9dio Completo, Ensino Superior em Log\u00edstica ser\u00e1 um diferencial;<\/li>\n<li>Desej\u00e1vel 02 anos de experi\u00eancia na fun\u00e7\u00e3o, diferencial experi\u00eancia de trabalho em transportadoras;<\/li>\n<li>Experi\u00eancia com lideran\u00e7a de equipes;<\/li>\n<li>Ter boa rela\u00e7\u00e3o com n\u00fameros, racioc\u00ednio l\u00f3gico;<\/li>\n<li>Respons\u00e1vel pela entrada, separa\u00e7\u00e3o e sa\u00edda dos produtos e materiais em dep\u00f3sito. Acompanhar e responder pela equipe de contagem \/ invent\u00e1rios.<\/li>\n<li>Coordenar e fiscalizar, entrada de NFE, total conhecimento em confer\u00eancia de Notas Fiscais.<\/li>\n<li>Contrata\u00e7\u00e3o: CLT<\/li>\n<\/ul>\n<p style=\"text-align: justify;\">Atividades:<\/p>\n<ul style=\"text-align: justify;\">\n<li>L\u00edder de equipe, trabalhando junto \u00e0 equipe para manter o estoque organizado. Criar e fazer cumprir processos que garantam esse resultado. Manter a equipe motivada atrav\u00e9s de uma gest\u00e3o respeitosa e orientada.<\/li>\n<li>Delegar fun\u00e7\u00f5es gerenciando a sua execu\u00e7\u00e3o garantindo a qualidade e prioridades. Realizar a an\u00e1lise do trabalho di\u00e1rio, verificando a produtividade.<\/li>\n<li>Fazer armazenagem adequada de produtos, planejando e organizando a disposi\u00e7\u00e3o das mercadorias estocadas, facilitando sua identifica\u00e7\u00e3o, localiza\u00e7\u00e3o e manuseio. Identificar desvios dos padr\u00f5es nos processos produtivos e desenvolver a\u00e7\u00f5es corretivas.<\/li>\n<li>Preservar o estoque limpo, arrumado e organizado, examinando-os, providenciando os despachos dos mesmos e auxiliando no processo de log\u00edstica.<\/li>\n<\/ul>\n<p style=\"text-align: justify;\">Jornada de Trabalho:<\/p>\n<ul style=\"text-align: justify;\">\n<li>44 horas semanais: 2 turnos<\/li>\n<li>Segunda a Sexta Feira das 08:00 \u00e0s 17:30<\/li>\n<li>S\u00e1bado das 08:00 \u00e0s 12:00.<\/li>\n<\/ul>\n<p style=\"text-align: justify;\">Sal\u00e1rio:<\/p>\n<ul style=\"text-align: justify;\">\n<li>R$ 1.986,00<\/li>\n<\/ul>\n<p style=\"text-align: justify;\">Benef\u00edcios:<\/p>\n<ul style=\"text-align: justify;\">\n<li>Vale Transporte Refei\u00e7\u00e3o no Local Assist\u00eancia M\u00e9dica; Aux\u00edlio Natalidade; Aux\u00edlio Funeral; Plano Adicional por Tempo Servi\u00e7o; Benef\u00edcios CLT F\u00e9rias\/Abono F\u00e9rias\/13\u00ba\/FGTS\/INSS\/PIS; Desconto nos produtos na loja da Costa Rica.<\/li>\n<\/ul>\n<p style=\"text-align: justify;\">Local de trabalho: Penha \u2013 Rio de Janeiro<\/p>\n<p style=\"text-align: justify;\">Enviar curr\u00edculo informando no assunto do e-mail a vaga de interesse para<a href=\"mailto:costaricacolchoes.curriculos@gmail.com\"> costaricacolchoes.curriculos@gmail.com<\/a><br \/>\nNo assunto &#8220;Estoque&#8221;<\/p>\n","protected":false},"excerpt":{"rendered":"<p>Descri\u00e7\u00e3o: Empresa e-commerce\/Loja virtual de Venda de M\u00f3veis e Colch\u00f5es. Requisitos: Ensino M\u00e9dio Completo, Ensino Superior em Log\u00edstica ser\u00e1 um diferencial; Desej\u00e1vel 02 anos de [&#8230;]<\/p>\n","protected":false},"author":2,"featured_media":0,"comment_status":"closed","ping_status":"closed","sticky":false,"template":"","format":"standard","meta":{"footnotes":""},"categories":[59,61,69],"tags":[],"class_list":["post-186860","post","type-post","status-publish","format-standard","hentry","category-ensino-medio","category-ensino-superior","category-estoquista-almoxarife-auxiliar"],"yoast_head":"<!-- This site is optimized with the Yoast SEO plugin v27.5 - https:\/\/yoast.com\/product\/yoast-seo-wordpress\/ -->\n<title>Encarregado de Estoque - Rio de Janeiro - RJ - VagasRIO<\/title>\n<meta name=\"robots\" content=\"index, follow, max-snippet:-1, max-image-preview:large, max-video-preview:-1\" \/>\n<link rel=\"canonical\" href=\"https:\/\/www.vagasrio.com.br\/index.php\/2024\/06\/06\/encarregado-de-estoque-rio-de-janeiro-rj-4\/\" \/>\n<meta property=\"og:locale\" content=\"pt_BR\" \/>\n<meta property=\"og:type\" content=\"article\" \/>\n<meta property=\"og:title\" content=\"Encarregado de Estoque - Rio de Janeiro - RJ - VagasRIO\" \/>\n<meta property=\"og:description\" content=\"Descri\u00e7\u00e3o: Empresa e-commerce\/Loja virtual de Venda de M\u00f3veis e Colch\u00f5es. Requisitos: Ensino M\u00e9dio Completo, Ensino Superior em Log\u00edstica ser\u00e1 um diferencial; Desej\u00e1vel 02 anos de [...]\" \/>\n<meta property=\"og:url\" content=\"https:\/\/www.vagasrio.com.br\/index.php\/2024\/06\/06\/encarregado-de-estoque-rio-de-janeiro-rj-4\/\" \/>\n<meta property=\"og:site_name\" content=\"VagasRIO\" \/>\n<meta property=\"article:published_time\" content=\"2024-06-06T13:00:52+00:00\" \/>\n<meta name=\"author\" content=\"vagasemprego\" \/>\n<meta name=\"twitter:card\" content=\"summary_large_image\" \/>\n<meta name=\"twitter:label1\" content=\"Escrito por\" \/>\n\t<meta name=\"twitter:data1\" content=\"vagasemprego\" \/>\n\t<meta name=\"twitter:label2\" content=\"Est. tempo de leitura\" \/>\n\t<meta name=\"twitter:data2\" content=\"2 minutos\" \/>\n<script type=\"application\/ld+json\" class=\"yoast-schema-graph\">{\"@context\":\"https:\\\/\\\/schema.org\",\"@graph\":[{\"@type\":\"Article\",\"@id\":\"https:\\\/\\\/www.vagasrio.com.br\\\/index.php\\\/2024\\\/06\\\/06\\\/encarregado-de-estoque-rio-de-janeiro-rj-4\\\/#article\",\"isPartOf\":{\"@id\":\"https:\\\/\\\/www.vagasrio.com.br\\\/index.php\\\/2024\\\/06\\\/06\\\/encarregado-de-estoque-rio-de-janeiro-rj-4\\\/\"},\"author\":{\"name\":\"vagasemprego\",\"@id\":\"https:\\\/\\\/www.vagasrio.com.br\\\/#\\\/schema\\\/person\\\/c11a3c03d007680d42e30222eff1ea53\"},\"headline\":\"Encarregado de Estoque &#8211; Rio de Janeiro &#8211; RJ\",\"datePublished\":\"2024-06-06T13:00:52+00:00\",\"mainEntityOfPage\":{\"@id\":\"https:\\\/\\\/www.vagasrio.com.br\\\/index.php\\\/2024\\\/06\\\/06\\\/encarregado-de-estoque-rio-de-janeiro-rj-4\\\/\"},\"wordCount\":315,\"publisher\":{\"@id\":\"https:\\\/\\\/www.vagasrio.com.br\\\/#organization\"},\"articleSection\":[\"ensino m\u00e9dio\",\"ensino superior\",\"estoque \\\/ almoxarifado\"],\"inLanguage\":\"pt-BR\"},{\"@type\":\"WebPage\",\"@id\":\"https:\\\/\\\/www.vagasrio.com.br\\\/index.php\\\/2024\\\/06\\\/06\\\/encarregado-de-estoque-rio-de-janeiro-rj-4\\\/\",\"url\":\"https:\\\/\\\/www.vagasrio.com.br\\\/index.php\\\/2024\\\/06\\\/06\\\/encarregado-de-estoque-rio-de-janeiro-rj-4\\\/\",\"name\":\"Encarregado de Estoque - Rio de Janeiro - RJ - VagasRIO\",\"isPartOf\":{\"@id\":\"https:\\\/\\\/www.vagasrio.com.br\\\/#website\"},\"datePublished\":\"2024-06-06T13:00:52+00:00\",\"breadcrumb\":{\"@id\":\"https:\\\/\\\/www.vagasrio.com.br\\\/index.php\\\/2024\\\/06\\\/06\\\/encarregado-de-estoque-rio-de-janeiro-rj-4\\\/#breadcrumb\"},\"inLanguage\":\"pt-BR\",\"potentialAction\":[{\"@type\":\"ReadAction\",\"target\":[\"https:\\\/\\\/www.vagasrio.com.br\\\/index.php\\\/2024\\\/06\\\/06\\\/encarregado-de-estoque-rio-de-janeiro-rj-4\\\/\"]}]},{\"@type\":\"BreadcrumbList\",\"@id\":\"https:\\\/\\\/www.vagasrio.com.br\\\/index.php\\\/2024\\\/06\\\/06\\\/encarregado-de-estoque-rio-de-janeiro-rj-4\\\/#breadcrumb\",\"itemListElement\":[{\"@type\":\"ListItem\",\"position\":1,\"name\":\"Home\",\"item\":\"https:\\\/\\\/www.vagasrio.com.br\\\/\"},{\"@type\":\"ListItem\",\"position\":2,\"name\":\"Encarregado de Estoque &#8211; Rio de Janeiro &#8211; RJ\"}]},{\"@type\":\"WebSite\",\"@id\":\"https:\\\/\\\/www.vagasrio.com.br\\\/#website\",\"url\":\"https:\\\/\\\/www.vagasrio.com.br\\\/\",\"name\":\"VagasRIO\",\"description\":\"Vagas de Emprego e Est\u00e1gio no Rio de Janeiro\",\"publisher\":{\"@id\":\"https:\\\/\\\/www.vagasrio.com.br\\\/#organization\"},\"potentialAction\":[{\"@type\":\"SearchAction\",\"target\":{\"@type\":\"EntryPoint\",\"urlTemplate\":\"https:\\\/\\\/www.vagasrio.com.br\\\/?s={search_term_string}\"},\"query-input\":{\"@type\":\"PropertyValueSpecification\",\"valueRequired\":true,\"valueName\":\"search_term_string\"}}],\"inLanguage\":\"pt-BR\"},{\"@type\":\"Organization\",\"@id\":\"https:\\\/\\\/www.vagasrio.com.br\\\/#organization\",\"name\":\"VagasRIO\",\"url\":\"https:\\\/\\\/www.vagasrio.com.br\\\/\",\"logo\":{\"@type\":\"ImageObject\",\"inLanguage\":\"pt-BR\",\"@id\":\"https:\\\/\\\/www.vagasrio.com.br\\\/#\\\/schema\\\/logo\\\/image\\\/\",\"url\":\"https:\\\/\\\/www.vagasrio.com.br\\\/wp-content\\\/uploads\\\/2025\\\/06\\\/cropped-logo90.jpg\",\"contentUrl\":\"https:\\\/\\\/www.vagasrio.com.br\\\/wp-content\\\/uploads\\\/2025\\\/06\\\/cropped-logo90.jpg\",\"width\":220,\"height\":90,\"caption\":\"VagasRIO\"},\"image\":{\"@id\":\"https:\\\/\\\/www.vagasrio.com.br\\\/#\\\/schema\\\/logo\\\/image\\\/\"}},{\"@type\":\"Person\",\"@id\":\"https:\\\/\\\/www.vagasrio.com.br\\\/#\\\/schema\\\/person\\\/c11a3c03d007680d42e30222eff1ea53\",\"name\":\"vagasemprego\",\"image\":{\"@type\":\"ImageObject\",\"inLanguage\":\"pt-BR\",\"@id\":\"https:\\\/\\\/secure.gravatar.com\\\/avatar\\\/e198f9393383244894b06db503be8cb43011f384a429c7a9f84f3f61c138a35e?s=96&d=mm&r=g\",\"url\":\"https:\\\/\\\/secure.gravatar.com\\\/avatar\\\/e198f9393383244894b06db503be8cb43011f384a429c7a9f84f3f61c138a35e?s=96&d=mm&r=g\",\"contentUrl\":\"https:\\\/\\\/secure.gravatar.com\\\/avatar\\\/e198f9393383244894b06db503be8cb43011f384a429c7a9f84f3f61c138a35e?s=96&d=mm&r=g\",\"caption\":\"vagasemprego\"},\"url\":\"https:\\\/\\\/www.vagasrio.com.br\\\/index.php\\\/author\\\/vagasemprego\\\/\"}]}<\/script>\n<!-- \/ Yoast SEO plugin. -->","yoast_head_json":{"title":"Encarregado de Estoque - Rio de Janeiro - RJ - VagasRIO","robots":{"index":"index","follow":"follow","max-snippet":"max-snippet:-1","max-image-preview":"max-image-preview:large","max-video-preview":"max-video-preview:-1"},"canonical":"https:\/\/www.vagasrio.com.br\/index.php\/2024\/06\/06\/encarregado-de-estoque-rio-de-janeiro-rj-4\/","og_locale":"pt_BR","og_type":"article","og_title":"Encarregado de Estoque - Rio de Janeiro - RJ - VagasRIO","og_description":"Descri\u00e7\u00e3o: Empresa e-commerce\/Loja virtual de Venda de M\u00f3veis e Colch\u00f5es. Requisitos: Ensino M\u00e9dio Completo, Ensino Superior em Log\u00edstica ser\u00e1 um diferencial; Desej\u00e1vel 02 anos de [...]","og_url":"https:\/\/www.vagasrio.com.br\/index.php\/2024\/06\/06\/encarregado-de-estoque-rio-de-janeiro-rj-4\/","og_site_name":"VagasRIO","article_published_time":"2024-06-06T13:00:52+00:00","author":"vagasemprego","twitter_card":"summary_large_image","twitter_misc":{"Escrito por":"vagasemprego","Est. tempo de leitura":"2 minutos"},"schema":{"@context":"https:\/\/schema.org","@graph":[{"@type":"Article","@id":"https:\/\/www.vagasrio.com.br\/index.php\/2024\/06\/06\/encarregado-de-estoque-rio-de-janeiro-rj-4\/#article","isPartOf":{"@id":"https:\/\/www.vagasrio.com.br\/index.php\/2024\/06\/06\/encarregado-de-estoque-rio-de-janeiro-rj-4\/"},"author":{"name":"vagasemprego","@id":"https:\/\/www.vagasrio.com.br\/#\/schema\/person\/c11a3c03d007680d42e30222eff1ea53"},"headline":"Encarregado de Estoque &#8211; Rio de Janeiro &#8211; RJ","datePublished":"2024-06-06T13:00:52+00:00","mainEntityOfPage":{"@id":"https:\/\/www.vagasrio.com.br\/index.php\/2024\/06\/06\/encarregado-de-estoque-rio-de-janeiro-rj-4\/"},"wordCount":315,"publisher":{"@id":"https:\/\/www.vagasrio.com.br\/#organization"},"articleSection":["ensino m\u00e9dio","ensino superior","estoque \/ almoxarifado"],"inLanguage":"pt-BR"},{"@type":"WebPage","@id":"https:\/\/www.vagasrio.com.br\/index.php\/2024\/06\/06\/encarregado-de-estoque-rio-de-janeiro-rj-4\/","url":"https:\/\/www.vagasrio.com.br\/index.php\/2024\/06\/06\/encarregado-de-estoque-rio-de-janeiro-rj-4\/","name":"Encarregado de Estoque - Rio de Janeiro - RJ - VagasRIO","isPartOf":{"@id":"https:\/\/www.vagasrio.com.br\/#website"},"datePublished":"2024-06-06T13:00:52+00:00","breadcrumb":{"@id":"https:\/\/www.vagasrio.com.br\/index.php\/2024\/06\/06\/encarregado-de-estoque-rio-de-janeiro-rj-4\/#breadcrumb"},"inLanguage":"pt-BR","potentialAction":[{"@type":"ReadAction","target":["https:\/\/www.vagasrio.com.br\/index.php\/2024\/06\/06\/encarregado-de-estoque-rio-de-janeiro-rj-4\/"]}]},{"@type":"BreadcrumbList","@id":"https:\/\/www.vagasrio.com.br\/index.php\/2024\/06\/06\/encarregado-de-estoque-rio-de-janeiro-rj-4\/#breadcrumb","itemListElement":[{"@type":"ListItem","position":1,"name":"Home","item":"https:\/\/www.vagasrio.com.br\/"},{"@type":"ListItem","position":2,"name":"Encarregado de Estoque &#8211; Rio de Janeiro &#8211; RJ"}]},{"@type":"WebSite","@id":"https:\/\/www.vagasrio.com.br\/#website","url":"https:\/\/www.vagasrio.com.br\/","name":"VagasRIO","description":"Vagas de Emprego e Est\u00e1gio no Rio de Janeiro","publisher":{"@id":"https:\/\/www.vagasrio.com.br\/#organization"},"potentialAction":[{"@type":"SearchAction","target":{"@type":"EntryPoint","urlTemplate":"https:\/\/www.vagasrio.com.br\/?s={search_term_string}"},"query-input":{"@type":"PropertyValueSpecification","valueRequired":true,"valueName":"search_term_string"}}],"inLanguage":"pt-BR"},{"@type":"Organization","@id":"https:\/\/www.vagasrio.com.br\/#organization","name":"VagasRIO","url":"https:\/\/www.vagasrio.com.br\/","logo":{"@type":"ImageObject","inLanguage":"pt-BR","@id":"https:\/\/www.vagasrio.com.br\/#\/schema\/logo\/image\/","url":"https:\/\/www.vagasrio.com.br\/wp-content\/uploads\/2025\/06\/cropped-logo90.jpg","contentUrl":"https:\/\/www.vagasrio.com.br\/wp-content\/uploads\/2025\/06\/cropped-logo90.jpg","width":220,"height":90,"caption":"VagasRIO"},"image":{"@id":"https:\/\/www.vagasrio.com.br\/#\/schema\/logo\/image\/"}},{"@type":"Person","@id":"https:\/\/www.vagasrio.com.br\/#\/schema\/person\/c11a3c03d007680d42e30222eff1ea53","name":"vagasemprego","image":{"@type":"ImageObject","inLanguage":"pt-BR","@id":"https:\/\/secure.gravatar.com\/avatar\/e198f9393383244894b06db503be8cb43011f384a429c7a9f84f3f61c138a35e?s=96&d=mm&r=g","url":"https:\/\/secure.gravatar.com\/avatar\/e198f9393383244894b06db503be8cb43011f384a429c7a9f84f3f61c138a35e?s=96&d=mm&r=g","contentUrl":"https:\/\/secure.gravatar.com\/avatar\/e198f9393383244894b06db503be8cb43011f384a429c7a9f84f3f61c138a35e?s=96&d=mm&r=g","caption":"vagasemprego"},"url":"https:\/\/www.vagasrio.com.br\/index.php\/author\/vagasemprego\/"}]}},"_links":{"self":[{"href":"https:\/\/www.vagasrio.com.br\/index.php\/wp-json\/wp\/v2\/posts\/186860","targetHints":{"allow":["GET"]}}],"collection":[{"href":"https:\/\/www.vagasrio.com.br\/index.php\/wp-json\/wp\/v2\/posts"}],"about":[{"href":"https:\/\/www.vagasrio.com.br\/index.php\/wp-json\/wp\/v2\/types\/post"}],"author":[{"embeddable":true,"href":"https:\/\/www.vagasrio.com.br\/index.php\/wp-json\/wp\/v2\/users\/2"}],"replies":[{"embeddable":true,"href":"https:\/\/www.vagasrio.com.br\/index.php\/wp-json\/wp\/v2\/comments?post=186860"}],"version-history":[{"count":0,"href":"https:\/\/www.vagasrio.com.br\/index.php\/wp-json\/wp\/v2\/posts\/186860\/revisions"}],"wp:attachment":[{"href":"https:\/\/www.vagasrio.com.br\/index.php\/wp-json\/wp\/v2\/media?parent=186860"}],"wp:term":[{"taxonomy":"category","embeddable":true,"href":"https:\/\/www.vagasrio.com.br\/index.php\/wp-json\/wp\/v2\/categories?post=186860"},{"taxonomy":"post_tag","embeddable":true,"href":"https:\/\/www.vagasrio.com.br\/index.php\/wp-json\/wp\/v2\/tags?post=186860"}],"curies":[{"name":"wp","href":"https:\/\/api.w.org\/{rel}","templated":true}]}}