{"id":193026,"date":"2026-02-02T10:00:41","date_gmt":"2026-02-02T13:00:41","guid":{"rendered":"https:\/\/www.vagasrio.com.br\/?p=193026"},"modified":"2026-02-01T22:33:32","modified_gmt":"2026-02-02T01:33:32","slug":"tecnico-de-seguranca-eletronica-centro-da-cidade-rio-de-janeiro-rj","status":"publish","type":"post","link":"https:\/\/www.vagasrio.com.br\/index.php\/2026\/02\/02\/tecnico-de-seguranca-eletronica-centro-da-cidade-rio-de-janeiro-rj\/","title":{"rendered":"T\u00e9cnico de Seguran\u00e7a Eletr\u00f4nica &#8211; Centro da Cidade. \u2013 Rio de Janeiro &#8211; RJ"},"content":{"rendered":"<p style=\"text-align: justify;\">Requisitos:<\/p>\n<ul style=\"text-align: justify;\">\n<li>Com experi\u00eancia em Instala\u00e7\u00e3o, Manuten\u00e7\u00e3o Corretiva e Preventiva em seguran\u00e7a Eletr\u00f4nica<\/li>\n<li>Conhecimento CFTV C\u00e2meras de Seguran\u00e7a<\/li>\n<li>Interfonia PABX<\/li>\n<li>Port\u00e3o Autom\u00e1tico<\/li>\n<li>Controle de Acesso<\/li>\n<li>Antena Coletiva<\/li>\n<li>Contrata\u00e7\u00e3o: CLT<\/li>\n<\/ul>\n<p style=\"text-align: justify;\">Atividades:<\/p>\n<ul style=\"text-align: justify;\">\n<li>Reparo e Automatiza\u00e7\u00e3o de Porta s e Port\u00f5es.<\/li>\n<li>Instala\u00e7\u00e3o modifica\u00e7\u00e3o em Portas e port\u00f5es.<\/li>\n<li>Instala\u00e7\u00e3o de Infraestrutura de sistemas<\/li>\n<\/ul>\n<p style=\"text-align: justify;\">Jornada de Trabalho:<\/p>\n<ul style=\"text-align: justify;\">\n<li>Segunda a Sexta Feira<\/li>\n<\/ul>\n<p style=\"text-align: justify;\">Sal\u00e1rio:<\/p>\n<ul style=\"text-align: justify;\">\n<li>R$ 2.000,00<\/li>\n<\/ul>\n<p style=\"text-align: justify;\">Benef\u00edcios:<\/p>\n<ul style=\"text-align: justify;\">\n<li>Vale transporte, Aux\u00edlio refei\u00e7\u00e3o<\/li>\n<\/ul>\n<p style=\"text-align: justify;\">Local: Centro da Cidade. \u2013 Rio de Janeiro<\/p>\n<p style=\"text-align: justify;\">Enviar curr\u00edculo informando no assunto do e-mail a vaga de interesse para <a href=\"mailto:atendimento@safety24horas.com.br\">atendimento@safety24horas.com.br <\/a><\/p>\n","protected":false},"excerpt":{"rendered":"<p>Requisitos: Com experi\u00eancia em Instala\u00e7\u00e3o, Manuten\u00e7\u00e3o Corretiva e Preventiva em seguran\u00e7a Eletr\u00f4nica Conhecimento CFTV C\u00e2meras de Seguran\u00e7a Interfonia PABX Port\u00e3o Autom\u00e1tico Controle de Acesso Antena [&#8230;]<\/p>\n","protected":false},"author":2,"featured_media":0,"comment_status":"closed","ping_status":"closed","sticky":false,"template":"","format":"standard","meta":{"footnotes":""},"categories":[53,63],"tags":[],"class_list":["post-193026","post","type-post","status-publish","format-standard","hentry","category-eletroeletronica","category-ensino-tecnico"],"yoast_head":"<!-- This site is optimized with the Yoast SEO plugin v27.5 - https:\/\/yoast.com\/product\/yoast-seo-wordpress\/ -->\n<title>T\u00e9cnico de Seguran\u00e7a Eletr\u00f4nica - Centro da Cidade. \u2013 Rio de Janeiro - RJ - VagasRIO<\/title>\n<meta name=\"robots\" content=\"index, follow, max-snippet:-1, max-image-preview:large, max-video-preview:-1\" \/>\n<link rel=\"canonical\" href=\"https:\/\/www.vagasrio.com.br\/index.php\/2026\/02\/02\/tecnico-de-seguranca-eletronica-centro-da-cidade-rio-de-janeiro-rj\/\" \/>\n<meta property=\"og:locale\" content=\"pt_BR\" \/>\n<meta property=\"og:type\" content=\"article\" \/>\n<meta property=\"og:title\" content=\"T\u00e9cnico de Seguran\u00e7a Eletr\u00f4nica - Centro da Cidade. \u2013 Rio de Janeiro - RJ - VagasRIO\" \/>\n<meta property=\"og:description\" content=\"Requisitos: Com experi\u00eancia em Instala\u00e7\u00e3o, Manuten\u00e7\u00e3o Corretiva e Preventiva em seguran\u00e7a Eletr\u00f4nica Conhecimento CFTV C\u00e2meras de Seguran\u00e7a Interfonia PABX Port\u00e3o Autom\u00e1tico Controle de Acesso Antena [...]\" \/>\n<meta property=\"og:url\" content=\"https:\/\/www.vagasrio.com.br\/index.php\/2026\/02\/02\/tecnico-de-seguranca-eletronica-centro-da-cidade-rio-de-janeiro-rj\/\" \/>\n<meta property=\"og:site_name\" content=\"VagasRIO\" \/>\n<meta property=\"article:published_time\" content=\"2026-02-02T13:00:41+00:00\" \/>\n<meta name=\"author\" content=\"vagasemprego\" \/>\n<meta name=\"twitter:card\" content=\"summary_large_image\" \/>\n<meta name=\"twitter:label1\" content=\"Escrito por\" \/>\n\t<meta name=\"twitter:data1\" content=\"vagasemprego\" \/>\n\t<meta name=\"twitter:label2\" content=\"Est. tempo de leitura\" \/>\n\t<meta name=\"twitter:data2\" content=\"1 minuto\" \/>\n<script type=\"application\/ld+json\" class=\"yoast-schema-graph\">{\"@context\":\"https:\\\/\\\/schema.org\",\"@graph\":[{\"@type\":\"Article\",\"@id\":\"https:\\\/\\\/www.vagasrio.com.br\\\/index.php\\\/2026\\\/02\\\/02\\\/tecnico-de-seguranca-eletronica-centro-da-cidade-rio-de-janeiro-rj\\\/#article\",\"isPartOf\":{\"@id\":\"https:\\\/\\\/www.vagasrio.com.br\\\/index.php\\\/2026\\\/02\\\/02\\\/tecnico-de-seguranca-eletronica-centro-da-cidade-rio-de-janeiro-rj\\\/\"},\"author\":{\"name\":\"vagasemprego\",\"@id\":\"https:\\\/\\\/www.vagasrio.com.br\\\/#\\\/schema\\\/person\\\/c11a3c03d007680d42e30222eff1ea53\"},\"headline\":\"T\u00e9cnico de Seguran\u00e7a Eletr\u00f4nica &#8211; Centro da Cidade. \u2013 Rio de Janeiro &#8211; RJ\",\"datePublished\":\"2026-02-02T13:00:41+00:00\",\"mainEntityOfPage\":{\"@id\":\"https:\\\/\\\/www.vagasrio.com.br\\\/index.php\\\/2026\\\/02\\\/02\\\/tecnico-de-seguranca-eletronica-centro-da-cidade-rio-de-janeiro-rj\\\/\"},\"wordCount\":123,\"publisher\":{\"@id\":\"https:\\\/\\\/www.vagasrio.com.br\\\/#organization\"},\"articleSection\":[\"eletr\u00f4nica\",\"ensino t\u00e9cnico\"],\"inLanguage\":\"pt-BR\"},{\"@type\":\"WebPage\",\"@id\":\"https:\\\/\\\/www.vagasrio.com.br\\\/index.php\\\/2026\\\/02\\\/02\\\/tecnico-de-seguranca-eletronica-centro-da-cidade-rio-de-janeiro-rj\\\/\",\"url\":\"https:\\\/\\\/www.vagasrio.com.br\\\/index.php\\\/2026\\\/02\\\/02\\\/tecnico-de-seguranca-eletronica-centro-da-cidade-rio-de-janeiro-rj\\\/\",\"name\":\"T\u00e9cnico de Seguran\u00e7a Eletr\u00f4nica - Centro da Cidade. \u2013 Rio de Janeiro - RJ - VagasRIO\",\"isPartOf\":{\"@id\":\"https:\\\/\\\/www.vagasrio.com.br\\\/#website\"},\"datePublished\":\"2026-02-02T13:00:41+00:00\",\"breadcrumb\":{\"@id\":\"https:\\\/\\\/www.vagasrio.com.br\\\/index.php\\\/2026\\\/02\\\/02\\\/tecnico-de-seguranca-eletronica-centro-da-cidade-rio-de-janeiro-rj\\\/#breadcrumb\"},\"inLanguage\":\"pt-BR\",\"potentialAction\":[{\"@type\":\"ReadAction\",\"target\":[\"https:\\\/\\\/www.vagasrio.com.br\\\/index.php\\\/2026\\\/02\\\/02\\\/tecnico-de-seguranca-eletronica-centro-da-cidade-rio-de-janeiro-rj\\\/\"]}]},{\"@type\":\"BreadcrumbList\",\"@id\":\"https:\\\/\\\/www.vagasrio.com.br\\\/index.php\\\/2026\\\/02\\\/02\\\/tecnico-de-seguranca-eletronica-centro-da-cidade-rio-de-janeiro-rj\\\/#breadcrumb\",\"itemListElement\":[{\"@type\":\"ListItem\",\"position\":1,\"name\":\"Home\",\"item\":\"https:\\\/\\\/www.vagasrio.com.br\\\/\"},{\"@type\":\"ListItem\",\"position\":2,\"name\":\"T\u00e9cnico de Seguran\u00e7a Eletr\u00f4nica &#8211; Centro da Cidade. \u2013 Rio de Janeiro &#8211; RJ\"}]},{\"@type\":\"WebSite\",\"@id\":\"https:\\\/\\\/www.vagasrio.com.br\\\/#website\",\"url\":\"https:\\\/\\\/www.vagasrio.com.br\\\/\",\"name\":\"VagasRIO\",\"description\":\"Vagas de Emprego e Est\u00e1gio no Rio de Janeiro\",\"publisher\":{\"@id\":\"https:\\\/\\\/www.vagasrio.com.br\\\/#organization\"},\"potentialAction\":[{\"@type\":\"SearchAction\",\"target\":{\"@type\":\"EntryPoint\",\"urlTemplate\":\"https:\\\/\\\/www.vagasrio.com.br\\\/?s={search_term_string}\"},\"query-input\":{\"@type\":\"PropertyValueSpecification\",\"valueRequired\":true,\"valueName\":\"search_term_string\"}}],\"inLanguage\":\"pt-BR\"},{\"@type\":\"Organization\",\"@id\":\"https:\\\/\\\/www.vagasrio.com.br\\\/#organization\",\"name\":\"VagasRIO\",\"url\":\"https:\\\/\\\/www.vagasrio.com.br\\\/\",\"logo\":{\"@type\":\"ImageObject\",\"inLanguage\":\"pt-BR\",\"@id\":\"https:\\\/\\\/www.vagasrio.com.br\\\/#\\\/schema\\\/logo\\\/image\\\/\",\"url\":\"https:\\\/\\\/www.vagasrio.com.br\\\/wp-content\\\/uploads\\\/2025\\\/06\\\/cropped-logo90.jpg\",\"contentUrl\":\"https:\\\/\\\/www.vagasrio.com.br\\\/wp-content\\\/uploads\\\/2025\\\/06\\\/cropped-logo90.jpg\",\"width\":220,\"height\":90,\"caption\":\"VagasRIO\"},\"image\":{\"@id\":\"https:\\\/\\\/www.vagasrio.com.br\\\/#\\\/schema\\\/logo\\\/image\\\/\"}},{\"@type\":\"Person\",\"@id\":\"https:\\\/\\\/www.vagasrio.com.br\\\/#\\\/schema\\\/person\\\/c11a3c03d007680d42e30222eff1ea53\",\"name\":\"vagasemprego\",\"image\":{\"@type\":\"ImageObject\",\"inLanguage\":\"pt-BR\",\"@id\":\"https:\\\/\\\/secure.gravatar.com\\\/avatar\\\/e198f9393383244894b06db503be8cb43011f384a429c7a9f84f3f61c138a35e?s=96&d=mm&r=g\",\"url\":\"https:\\\/\\\/secure.gravatar.com\\\/avatar\\\/e198f9393383244894b06db503be8cb43011f384a429c7a9f84f3f61c138a35e?s=96&d=mm&r=g\",\"contentUrl\":\"https:\\\/\\\/secure.gravatar.com\\\/avatar\\\/e198f9393383244894b06db503be8cb43011f384a429c7a9f84f3f61c138a35e?s=96&d=mm&r=g\",\"caption\":\"vagasemprego\"},\"url\":\"https:\\\/\\\/www.vagasrio.com.br\\\/index.php\\\/author\\\/vagasemprego\\\/\"}]}<\/script>\n<!-- \/ Yoast SEO plugin. -->","yoast_head_json":{"title":"T\u00e9cnico de Seguran\u00e7a Eletr\u00f4nica - Centro da Cidade. \u2013 Rio de Janeiro - RJ - VagasRIO","robots":{"index":"index","follow":"follow","max-snippet":"max-snippet:-1","max-image-preview":"max-image-preview:large","max-video-preview":"max-video-preview:-1"},"canonical":"https:\/\/www.vagasrio.com.br\/index.php\/2026\/02\/02\/tecnico-de-seguranca-eletronica-centro-da-cidade-rio-de-janeiro-rj\/","og_locale":"pt_BR","og_type":"article","og_title":"T\u00e9cnico de Seguran\u00e7a Eletr\u00f4nica - Centro da Cidade. \u2013 Rio de Janeiro - RJ - VagasRIO","og_description":"Requisitos: Com experi\u00eancia em Instala\u00e7\u00e3o, Manuten\u00e7\u00e3o Corretiva e Preventiva em seguran\u00e7a Eletr\u00f4nica Conhecimento CFTV C\u00e2meras de Seguran\u00e7a Interfonia PABX Port\u00e3o Autom\u00e1tico Controle de Acesso Antena [...]","og_url":"https:\/\/www.vagasrio.com.br\/index.php\/2026\/02\/02\/tecnico-de-seguranca-eletronica-centro-da-cidade-rio-de-janeiro-rj\/","og_site_name":"VagasRIO","article_published_time":"2026-02-02T13:00:41+00:00","author":"vagasemprego","twitter_card":"summary_large_image","twitter_misc":{"Escrito por":"vagasemprego","Est. tempo de leitura":"1 minuto"},"schema":{"@context":"https:\/\/schema.org","@graph":[{"@type":"Article","@id":"https:\/\/www.vagasrio.com.br\/index.php\/2026\/02\/02\/tecnico-de-seguranca-eletronica-centro-da-cidade-rio-de-janeiro-rj\/#article","isPartOf":{"@id":"https:\/\/www.vagasrio.com.br\/index.php\/2026\/02\/02\/tecnico-de-seguranca-eletronica-centro-da-cidade-rio-de-janeiro-rj\/"},"author":{"name":"vagasemprego","@id":"https:\/\/www.vagasrio.com.br\/#\/schema\/person\/c11a3c03d007680d42e30222eff1ea53"},"headline":"T\u00e9cnico de Seguran\u00e7a Eletr\u00f4nica &#8211; Centro da Cidade. \u2013 Rio de Janeiro &#8211; RJ","datePublished":"2026-02-02T13:00:41+00:00","mainEntityOfPage":{"@id":"https:\/\/www.vagasrio.com.br\/index.php\/2026\/02\/02\/tecnico-de-seguranca-eletronica-centro-da-cidade-rio-de-janeiro-rj\/"},"wordCount":123,"publisher":{"@id":"https:\/\/www.vagasrio.com.br\/#organization"},"articleSection":["eletr\u00f4nica","ensino t\u00e9cnico"],"inLanguage":"pt-BR"},{"@type":"WebPage","@id":"https:\/\/www.vagasrio.com.br\/index.php\/2026\/02\/02\/tecnico-de-seguranca-eletronica-centro-da-cidade-rio-de-janeiro-rj\/","url":"https:\/\/www.vagasrio.com.br\/index.php\/2026\/02\/02\/tecnico-de-seguranca-eletronica-centro-da-cidade-rio-de-janeiro-rj\/","name":"T\u00e9cnico de Seguran\u00e7a Eletr\u00f4nica - Centro da Cidade. \u2013 Rio de Janeiro - RJ - VagasRIO","isPartOf":{"@id":"https:\/\/www.vagasrio.com.br\/#website"},"datePublished":"2026-02-02T13:00:41+00:00","breadcrumb":{"@id":"https:\/\/www.vagasrio.com.br\/index.php\/2026\/02\/02\/tecnico-de-seguranca-eletronica-centro-da-cidade-rio-de-janeiro-rj\/#breadcrumb"},"inLanguage":"pt-BR","potentialAction":[{"@type":"ReadAction","target":["https:\/\/www.vagasrio.com.br\/index.php\/2026\/02\/02\/tecnico-de-seguranca-eletronica-centro-da-cidade-rio-de-janeiro-rj\/"]}]},{"@type":"BreadcrumbList","@id":"https:\/\/www.vagasrio.com.br\/index.php\/2026\/02\/02\/tecnico-de-seguranca-eletronica-centro-da-cidade-rio-de-janeiro-rj\/#breadcrumb","itemListElement":[{"@type":"ListItem","position":1,"name":"Home","item":"https:\/\/www.vagasrio.com.br\/"},{"@type":"ListItem","position":2,"name":"T\u00e9cnico de Seguran\u00e7a Eletr\u00f4nica &#8211; Centro da Cidade. \u2013 Rio de Janeiro &#8211; RJ"}]},{"@type":"WebSite","@id":"https:\/\/www.vagasrio.com.br\/#website","url":"https:\/\/www.vagasrio.com.br\/","name":"VagasRIO","description":"Vagas de Emprego e Est\u00e1gio no Rio de Janeiro","publisher":{"@id":"https:\/\/www.vagasrio.com.br\/#organization"},"potentialAction":[{"@type":"SearchAction","target":{"@type":"EntryPoint","urlTemplate":"https:\/\/www.vagasrio.com.br\/?s={search_term_string}"},"query-input":{"@type":"PropertyValueSpecification","valueRequired":true,"valueName":"search_term_string"}}],"inLanguage":"pt-BR"},{"@type":"Organization","@id":"https:\/\/www.vagasrio.com.br\/#organization","name":"VagasRIO","url":"https:\/\/www.vagasrio.com.br\/","logo":{"@type":"ImageObject","inLanguage":"pt-BR","@id":"https:\/\/www.vagasrio.com.br\/#\/schema\/logo\/image\/","url":"https:\/\/www.vagasrio.com.br\/wp-content\/uploads\/2025\/06\/cropped-logo90.jpg","contentUrl":"https:\/\/www.vagasrio.com.br\/wp-content\/uploads\/2025\/06\/cropped-logo90.jpg","width":220,"height":90,"caption":"VagasRIO"},"image":{"@id":"https:\/\/www.vagasrio.com.br\/#\/schema\/logo\/image\/"}},{"@type":"Person","@id":"https:\/\/www.vagasrio.com.br\/#\/schema\/person\/c11a3c03d007680d42e30222eff1ea53","name":"vagasemprego","image":{"@type":"ImageObject","inLanguage":"pt-BR","@id":"https:\/\/secure.gravatar.com\/avatar\/e198f9393383244894b06db503be8cb43011f384a429c7a9f84f3f61c138a35e?s=96&d=mm&r=g","url":"https:\/\/secure.gravatar.com\/avatar\/e198f9393383244894b06db503be8cb43011f384a429c7a9f84f3f61c138a35e?s=96&d=mm&r=g","contentUrl":"https:\/\/secure.gravatar.com\/avatar\/e198f9393383244894b06db503be8cb43011f384a429c7a9f84f3f61c138a35e?s=96&d=mm&r=g","caption":"vagasemprego"},"url":"https:\/\/www.vagasrio.com.br\/index.php\/author\/vagasemprego\/"}]}},"_links":{"self":[{"href":"https:\/\/www.vagasrio.com.br\/index.php\/wp-json\/wp\/v2\/posts\/193026","targetHints":{"allow":["GET"]}}],"collection":[{"href":"https:\/\/www.vagasrio.com.br\/index.php\/wp-json\/wp\/v2\/posts"}],"about":[{"href":"https:\/\/www.vagasrio.com.br\/index.php\/wp-json\/wp\/v2\/types\/post"}],"author":[{"embeddable":true,"href":"https:\/\/www.vagasrio.com.br\/index.php\/wp-json\/wp\/v2\/users\/2"}],"replies":[{"embeddable":true,"href":"https:\/\/www.vagasrio.com.br\/index.php\/wp-json\/wp\/v2\/comments?post=193026"}],"version-history":[{"count":1,"href":"https:\/\/www.vagasrio.com.br\/index.php\/wp-json\/wp\/v2\/posts\/193026\/revisions"}],"predecessor-version":[{"id":193027,"href":"https:\/\/www.vagasrio.com.br\/index.php\/wp-json\/wp\/v2\/posts\/193026\/revisions\/193027"}],"wp:attachment":[{"href":"https:\/\/www.vagasrio.com.br\/index.php\/wp-json\/wp\/v2\/media?parent=193026"}],"wp:term":[{"taxonomy":"category","embeddable":true,"href":"https:\/\/www.vagasrio.com.br\/index.php\/wp-json\/wp\/v2\/categories?post=193026"},{"taxonomy":"post_tag","embeddable":true,"href":"https:\/\/www.vagasrio.com.br\/index.php\/wp-json\/wp\/v2\/tags?post=193026"}],"curies":[{"name":"wp","href":"https:\/\/api.w.org\/{rel}","templated":true}]}}