{"id":193208,"date":"2026-03-04T11:00:25","date_gmt":"2026-03-04T14:00:25","guid":{"rendered":"https:\/\/www.vagasrio.com.br\/?p=193208"},"modified":"2026-03-03T19:56:15","modified_gmt":"2026-03-03T22:56:15","slug":"auxiliar-administrativo-financeiro","status":"publish","type":"post","link":"https:\/\/www.vagasrio.com.br\/index.php\/2026\/03\/04\/auxiliar-administrativo-financeiro\/","title":{"rendered":"Auxiliar Administrativo Financeiro"},"content":{"rendered":"<p style=\"text-align: justify;\">Requisitos:<\/p>\n<ul style=\"text-align: justify;\">\n<li>Ensinio Superior Completo ou Cursando Administra\u00e7\u00e3o, Contabilidade, Gest\u00e3o Financeira e \u00e1reas afins.<\/li>\n<li>Desej\u00e1vel experi\u00eancia na funC\u00e3o, diferencial experi\u00eancia de trabalho com concilia\u00e7\u00e3o e tamb\u00e9m com marketplaces.<\/li>\n<li>Ter boa rela\u00e7\u00e3o com n\u00fameros, manuseio de sistema e racioc\u00ednio l\u00f3gico.<\/li>\n<li>Excel Intermedi\u00e1rio.<\/li>\n<li>Contrata\u00e7\u00e3o: CLT<\/li>\n<\/ul>\n<p style=\"text-align: justify;\">Atividades:<\/p>\n<ul style=\"text-align: justify;\">\n<li>Ser\u00e1 respons\u00e1vel pela concilia\u00e7\u00e3o banc\u00e1ria e financeira dos marketplaces.<\/li>\n<li>Respons\u00e1vel pelos contatos necess\u00e1rios com parceiros marketplaces e adquirentes de cart\u00e3o de cr\u00e9dito para solucionar problemas financeiros, como por exemplo: cobran\u00e7a de valores em aberto.<\/li>\n<li>Diariamente controla os chamados abertos para o controle do pagamento correto das demandas financeiras e estornos a serem realizados em nossos repasses.<\/li>\n<li>Auxilia no levantamento e acompanhamento das transa\u00e7\u00f5es financeiras, a receber e controla fluxo de caixa a fim de monitorar poss\u00edveis d\u00e9bitos indevidos e se houve o recebimento de acordo com o esperado.<\/li>\n<li>Prepara relat\u00f3rios mensais e planilhas necess\u00e1rios para o controle de suas atividades e tamb\u00e9m para auxiliar com o levantamento de dados financeiros solicitados pelos seus superiores da hierarquia.<\/li>\n<\/ul>\n<p style=\"text-align: justify;\">Jornada de trabalho:<\/p>\n<ul style=\"text-align: justify;\">\n<li>Segunda a Sexta Feira das 08:00 \u00e0s 18:08<\/li>\n<\/ul>\n<p style=\"text-align: justify;\">Sal\u00e1rio:<\/p>\n<ul style=\"text-align: justify;\">\n<li>R$ 1.712,00<\/li>\n<\/ul>\n<p style=\"text-align: justify;\">Benef\u00edcios:<\/p>\n<ul style=\"text-align: justify;\">\n<li>Vale Transporte; Refei\u00e7\u00e3o no Local; Plano de Sa\u00fade;Plano Odontol\u00f3gico; Aux\u00edlio Natalidade; Aux\u00edlio Funeral; Plano Adicional por Tempo Servi\u00e7o; Desconto nos produtos na loja da Costa Rica; Conv\u00eanio SESC<\/li>\n<\/ul>\n<p style=\"text-align: justify;\">Local: Penha \u2013 Rio de Janeiro<\/p>\n<p style=\"text-align: justify;\">Informa\u00e7\u00f5es adicionais:<\/p>\n<ul style=\"text-align: justify;\">\n<li>Empresa e-commerce\/Loja virtual de venda de m\u00f3veis e colch\u00f5es.<\/li>\n<\/ul>\n<p style=\"text-align: justify;\">Enviar curr\u00edculo informando no assunto do e-mail a vaga de interesse para\u00a0 \u00a0<a href=\"mailto:costaricacolchoes.curriculos@gmail.com\">costaricacolchoes.curriculos@gmail.com<\/a><\/p>\n","protected":false},"excerpt":{"rendered":"<p>Requisitos: Ensinio Superior Completo ou Cursando Administra\u00e7\u00e3o, Contabilidade, Gest\u00e3o Financeira e \u00e1reas afins. Desej\u00e1vel experi\u00eancia na funC\u00e3o, diferencial experi\u00eancia de trabalho com concilia\u00e7\u00e3o e tamb\u00e9m [&#8230;]<\/p>\n","protected":false},"author":2,"featured_media":0,"comment_status":"closed","ping_status":"closed","sticky":false,"template":"","format":"standard","meta":{"footnotes":""},"categories":[8,32,61,62],"tags":[],"class_list":["post-193208","post","type-post","status-publish","format-standard","hentry","category-auxiliar-administrativo-administrador-assistente","category-contador","category-ensino-superior","category-ensino-superior-em-andamento"],"yoast_head":"<!-- This site is optimized with the Yoast SEO plugin v27.5 - https:\/\/yoast.com\/product\/yoast-seo-wordpress\/ -->\n<title>Auxiliar Administrativo Financeiro - VagasRIO<\/title>\n<meta name=\"robots\" content=\"index, follow, max-snippet:-1, max-image-preview:large, max-video-preview:-1\" \/>\n<link rel=\"canonical\" href=\"https:\/\/www.vagasrio.com.br\/index.php\/2026\/03\/04\/auxiliar-administrativo-financeiro\/\" \/>\n<meta property=\"og:locale\" content=\"pt_BR\" \/>\n<meta property=\"og:type\" content=\"article\" \/>\n<meta property=\"og:title\" content=\"Auxiliar Administrativo Financeiro - VagasRIO\" \/>\n<meta property=\"og:description\" content=\"Requisitos: Ensinio Superior Completo ou Cursando Administra\u00e7\u00e3o, Contabilidade, Gest\u00e3o Financeira e \u00e1reas afins. Desej\u00e1vel experi\u00eancia na funC\u00e3o, diferencial experi\u00eancia de trabalho com concilia\u00e7\u00e3o e tamb\u00e9m [...]\" \/>\n<meta property=\"og:url\" content=\"https:\/\/www.vagasrio.com.br\/index.php\/2026\/03\/04\/auxiliar-administrativo-financeiro\/\" \/>\n<meta property=\"og:site_name\" content=\"VagasRIO\" \/>\n<meta property=\"article:published_time\" content=\"2026-03-04T14:00:25+00:00\" \/>\n<meta name=\"author\" content=\"vagasemprego\" \/>\n<meta name=\"twitter:card\" content=\"summary_large_image\" \/>\n<meta name=\"twitter:label1\" content=\"Escrito por\" \/>\n\t<meta name=\"twitter:data1\" content=\"vagasemprego\" \/>\n\t<meta name=\"twitter:label2\" content=\"Est. tempo de leitura\" \/>\n\t<meta name=\"twitter:data2\" content=\"2 minutos\" \/>\n<script type=\"application\/ld+json\" class=\"yoast-schema-graph\">{\"@context\":\"https:\\\/\\\/schema.org\",\"@graph\":[{\"@type\":\"Article\",\"@id\":\"https:\\\/\\\/www.vagasrio.com.br\\\/index.php\\\/2026\\\/03\\\/04\\\/auxiliar-administrativo-financeiro\\\/#article\",\"isPartOf\":{\"@id\":\"https:\\\/\\\/www.vagasrio.com.br\\\/index.php\\\/2026\\\/03\\\/04\\\/auxiliar-administrativo-financeiro\\\/\"},\"author\":{\"name\":\"vagasemprego\",\"@id\":\"https:\\\/\\\/www.vagasrio.com.br\\\/#\\\/schema\\\/person\\\/c11a3c03d007680d42e30222eff1ea53\"},\"headline\":\"Auxiliar Administrativo Financeiro\",\"datePublished\":\"2026-03-04T14:00:25+00:00\",\"mainEntityOfPage\":{\"@id\":\"https:\\\/\\\/www.vagasrio.com.br\\\/index.php\\\/2026\\\/03\\\/04\\\/auxiliar-administrativo-financeiro\\\/\"},\"wordCount\":277,\"publisher\":{\"@id\":\"https:\\\/\\\/www.vagasrio.com.br\\\/#organization\"},\"articleSection\":[\"administra\u00e7\u00e3o geral\",\"cont\u00e1bil \\\/ financeiro\",\"ensino superior\",\"ensino superior incompleto\"],\"inLanguage\":\"pt-BR\"},{\"@type\":\"WebPage\",\"@id\":\"https:\\\/\\\/www.vagasrio.com.br\\\/index.php\\\/2026\\\/03\\\/04\\\/auxiliar-administrativo-financeiro\\\/\",\"url\":\"https:\\\/\\\/www.vagasrio.com.br\\\/index.php\\\/2026\\\/03\\\/04\\\/auxiliar-administrativo-financeiro\\\/\",\"name\":\"Auxiliar Administrativo Financeiro - VagasRIO\",\"isPartOf\":{\"@id\":\"https:\\\/\\\/www.vagasrio.com.br\\\/#website\"},\"datePublished\":\"2026-03-04T14:00:25+00:00\",\"breadcrumb\":{\"@id\":\"https:\\\/\\\/www.vagasrio.com.br\\\/index.php\\\/2026\\\/03\\\/04\\\/auxiliar-administrativo-financeiro\\\/#breadcrumb\"},\"inLanguage\":\"pt-BR\",\"potentialAction\":[{\"@type\":\"ReadAction\",\"target\":[\"https:\\\/\\\/www.vagasrio.com.br\\\/index.php\\\/2026\\\/03\\\/04\\\/auxiliar-administrativo-financeiro\\\/\"]}]},{\"@type\":\"BreadcrumbList\",\"@id\":\"https:\\\/\\\/www.vagasrio.com.br\\\/index.php\\\/2026\\\/03\\\/04\\\/auxiliar-administrativo-financeiro\\\/#breadcrumb\",\"itemListElement\":[{\"@type\":\"ListItem\",\"position\":1,\"name\":\"Home\",\"item\":\"https:\\\/\\\/www.vagasrio.com.br\\\/\"},{\"@type\":\"ListItem\",\"position\":2,\"name\":\"Auxiliar Administrativo Financeiro\"}]},{\"@type\":\"WebSite\",\"@id\":\"https:\\\/\\\/www.vagasrio.com.br\\\/#website\",\"url\":\"https:\\\/\\\/www.vagasrio.com.br\\\/\",\"name\":\"VagasRIO\",\"description\":\"Vagas de Emprego e Est\u00e1gio no Rio de Janeiro\",\"publisher\":{\"@id\":\"https:\\\/\\\/www.vagasrio.com.br\\\/#organization\"},\"potentialAction\":[{\"@type\":\"SearchAction\",\"target\":{\"@type\":\"EntryPoint\",\"urlTemplate\":\"https:\\\/\\\/www.vagasrio.com.br\\\/?s={search_term_string}\"},\"query-input\":{\"@type\":\"PropertyValueSpecification\",\"valueRequired\":true,\"valueName\":\"search_term_string\"}}],\"inLanguage\":\"pt-BR\"},{\"@type\":\"Organization\",\"@id\":\"https:\\\/\\\/www.vagasrio.com.br\\\/#organization\",\"name\":\"VagasRIO\",\"url\":\"https:\\\/\\\/www.vagasrio.com.br\\\/\",\"logo\":{\"@type\":\"ImageObject\",\"inLanguage\":\"pt-BR\",\"@id\":\"https:\\\/\\\/www.vagasrio.com.br\\\/#\\\/schema\\\/logo\\\/image\\\/\",\"url\":\"https:\\\/\\\/www.vagasrio.com.br\\\/wp-content\\\/uploads\\\/2025\\\/06\\\/cropped-logo90.jpg\",\"contentUrl\":\"https:\\\/\\\/www.vagasrio.com.br\\\/wp-content\\\/uploads\\\/2025\\\/06\\\/cropped-logo90.jpg\",\"width\":220,\"height\":90,\"caption\":\"VagasRIO\"},\"image\":{\"@id\":\"https:\\\/\\\/www.vagasrio.com.br\\\/#\\\/schema\\\/logo\\\/image\\\/\"}},{\"@type\":\"Person\",\"@id\":\"https:\\\/\\\/www.vagasrio.com.br\\\/#\\\/schema\\\/person\\\/c11a3c03d007680d42e30222eff1ea53\",\"name\":\"vagasemprego\",\"image\":{\"@type\":\"ImageObject\",\"inLanguage\":\"pt-BR\",\"@id\":\"https:\\\/\\\/secure.gravatar.com\\\/avatar\\\/e198f9393383244894b06db503be8cb43011f384a429c7a9f84f3f61c138a35e?s=96&d=mm&r=g\",\"url\":\"https:\\\/\\\/secure.gravatar.com\\\/avatar\\\/e198f9393383244894b06db503be8cb43011f384a429c7a9f84f3f61c138a35e?s=96&d=mm&r=g\",\"contentUrl\":\"https:\\\/\\\/secure.gravatar.com\\\/avatar\\\/e198f9393383244894b06db503be8cb43011f384a429c7a9f84f3f61c138a35e?s=96&d=mm&r=g\",\"caption\":\"vagasemprego\"},\"url\":\"https:\\\/\\\/www.vagasrio.com.br\\\/index.php\\\/author\\\/vagasemprego\\\/\"}]}<\/script>\n<!-- \/ Yoast SEO plugin. -->","yoast_head_json":{"title":"Auxiliar Administrativo Financeiro - VagasRIO","robots":{"index":"index","follow":"follow","max-snippet":"max-snippet:-1","max-image-preview":"max-image-preview:large","max-video-preview":"max-video-preview:-1"},"canonical":"https:\/\/www.vagasrio.com.br\/index.php\/2026\/03\/04\/auxiliar-administrativo-financeiro\/","og_locale":"pt_BR","og_type":"article","og_title":"Auxiliar Administrativo Financeiro - VagasRIO","og_description":"Requisitos: Ensinio Superior Completo ou Cursando Administra\u00e7\u00e3o, Contabilidade, Gest\u00e3o Financeira e \u00e1reas afins. Desej\u00e1vel experi\u00eancia na funC\u00e3o, diferencial experi\u00eancia de trabalho com concilia\u00e7\u00e3o e tamb\u00e9m [...]","og_url":"https:\/\/www.vagasrio.com.br\/index.php\/2026\/03\/04\/auxiliar-administrativo-financeiro\/","og_site_name":"VagasRIO","article_published_time":"2026-03-04T14:00:25+00:00","author":"vagasemprego","twitter_card":"summary_large_image","twitter_misc":{"Escrito por":"vagasemprego","Est. tempo de leitura":"2 minutos"},"schema":{"@context":"https:\/\/schema.org","@graph":[{"@type":"Article","@id":"https:\/\/www.vagasrio.com.br\/index.php\/2026\/03\/04\/auxiliar-administrativo-financeiro\/#article","isPartOf":{"@id":"https:\/\/www.vagasrio.com.br\/index.php\/2026\/03\/04\/auxiliar-administrativo-financeiro\/"},"author":{"name":"vagasemprego","@id":"https:\/\/www.vagasrio.com.br\/#\/schema\/person\/c11a3c03d007680d42e30222eff1ea53"},"headline":"Auxiliar Administrativo Financeiro","datePublished":"2026-03-04T14:00:25+00:00","mainEntityOfPage":{"@id":"https:\/\/www.vagasrio.com.br\/index.php\/2026\/03\/04\/auxiliar-administrativo-financeiro\/"},"wordCount":277,"publisher":{"@id":"https:\/\/www.vagasrio.com.br\/#organization"},"articleSection":["administra\u00e7\u00e3o geral","cont\u00e1bil \/ financeiro","ensino superior","ensino superior incompleto"],"inLanguage":"pt-BR"},{"@type":"WebPage","@id":"https:\/\/www.vagasrio.com.br\/index.php\/2026\/03\/04\/auxiliar-administrativo-financeiro\/","url":"https:\/\/www.vagasrio.com.br\/index.php\/2026\/03\/04\/auxiliar-administrativo-financeiro\/","name":"Auxiliar Administrativo Financeiro - VagasRIO","isPartOf":{"@id":"https:\/\/www.vagasrio.com.br\/#website"},"datePublished":"2026-03-04T14:00:25+00:00","breadcrumb":{"@id":"https:\/\/www.vagasrio.com.br\/index.php\/2026\/03\/04\/auxiliar-administrativo-financeiro\/#breadcrumb"},"inLanguage":"pt-BR","potentialAction":[{"@type":"ReadAction","target":["https:\/\/www.vagasrio.com.br\/index.php\/2026\/03\/04\/auxiliar-administrativo-financeiro\/"]}]},{"@type":"BreadcrumbList","@id":"https:\/\/www.vagasrio.com.br\/index.php\/2026\/03\/04\/auxiliar-administrativo-financeiro\/#breadcrumb","itemListElement":[{"@type":"ListItem","position":1,"name":"Home","item":"https:\/\/www.vagasrio.com.br\/"},{"@type":"ListItem","position":2,"name":"Auxiliar Administrativo Financeiro"}]},{"@type":"WebSite","@id":"https:\/\/www.vagasrio.com.br\/#website","url":"https:\/\/www.vagasrio.com.br\/","name":"VagasRIO","description":"Vagas de Emprego e Est\u00e1gio no Rio de Janeiro","publisher":{"@id":"https:\/\/www.vagasrio.com.br\/#organization"},"potentialAction":[{"@type":"SearchAction","target":{"@type":"EntryPoint","urlTemplate":"https:\/\/www.vagasrio.com.br\/?s={search_term_string}"},"query-input":{"@type":"PropertyValueSpecification","valueRequired":true,"valueName":"search_term_string"}}],"inLanguage":"pt-BR"},{"@type":"Organization","@id":"https:\/\/www.vagasrio.com.br\/#organization","name":"VagasRIO","url":"https:\/\/www.vagasrio.com.br\/","logo":{"@type":"ImageObject","inLanguage":"pt-BR","@id":"https:\/\/www.vagasrio.com.br\/#\/schema\/logo\/image\/","url":"https:\/\/www.vagasrio.com.br\/wp-content\/uploads\/2025\/06\/cropped-logo90.jpg","contentUrl":"https:\/\/www.vagasrio.com.br\/wp-content\/uploads\/2025\/06\/cropped-logo90.jpg","width":220,"height":90,"caption":"VagasRIO"},"image":{"@id":"https:\/\/www.vagasrio.com.br\/#\/schema\/logo\/image\/"}},{"@type":"Person","@id":"https:\/\/www.vagasrio.com.br\/#\/schema\/person\/c11a3c03d007680d42e30222eff1ea53","name":"vagasemprego","image":{"@type":"ImageObject","inLanguage":"pt-BR","@id":"https:\/\/secure.gravatar.com\/avatar\/e198f9393383244894b06db503be8cb43011f384a429c7a9f84f3f61c138a35e?s=96&d=mm&r=g","url":"https:\/\/secure.gravatar.com\/avatar\/e198f9393383244894b06db503be8cb43011f384a429c7a9f84f3f61c138a35e?s=96&d=mm&r=g","contentUrl":"https:\/\/secure.gravatar.com\/avatar\/e198f9393383244894b06db503be8cb43011f384a429c7a9f84f3f61c138a35e?s=96&d=mm&r=g","caption":"vagasemprego"},"url":"https:\/\/www.vagasrio.com.br\/index.php\/author\/vagasemprego\/"}]}},"_links":{"self":[{"href":"https:\/\/www.vagasrio.com.br\/index.php\/wp-json\/wp\/v2\/posts\/193208","targetHints":{"allow":["GET"]}}],"collection":[{"href":"https:\/\/www.vagasrio.com.br\/index.php\/wp-json\/wp\/v2\/posts"}],"about":[{"href":"https:\/\/www.vagasrio.com.br\/index.php\/wp-json\/wp\/v2\/types\/post"}],"author":[{"embeddable":true,"href":"https:\/\/www.vagasrio.com.br\/index.php\/wp-json\/wp\/v2\/users\/2"}],"replies":[{"embeddable":true,"href":"https:\/\/www.vagasrio.com.br\/index.php\/wp-json\/wp\/v2\/comments?post=193208"}],"version-history":[{"count":1,"href":"https:\/\/www.vagasrio.com.br\/index.php\/wp-json\/wp\/v2\/posts\/193208\/revisions"}],"predecessor-version":[{"id":193209,"href":"https:\/\/www.vagasrio.com.br\/index.php\/wp-json\/wp\/v2\/posts\/193208\/revisions\/193209"}],"wp:attachment":[{"href":"https:\/\/www.vagasrio.com.br\/index.php\/wp-json\/wp\/v2\/media?parent=193208"}],"wp:term":[{"taxonomy":"category","embeddable":true,"href":"https:\/\/www.vagasrio.com.br\/index.php\/wp-json\/wp\/v2\/categories?post=193208"},{"taxonomy":"post_tag","embeddable":true,"href":"https:\/\/www.vagasrio.com.br\/index.php\/wp-json\/wp\/v2\/tags?post=193208"}],"curies":[{"name":"wp","href":"https:\/\/api.w.org\/{rel}","templated":true}]}}