{"id":193223,"date":"2026-03-05T13:00:29","date_gmt":"2026-03-05T16:00:29","guid":{"rendered":"https:\/\/www.vagasrio.com.br\/?p=193223"},"modified":"2026-03-05T11:31:20","modified_gmt":"2026-03-05T14:31:20","slug":"vendedor-varejo-rio-de-janeiro-rio-de-janeir-rj","status":"publish","type":"post","link":"https:\/\/www.vagasrio.com.br\/index.php\/2026\/03\/05\/vendedor-varejo-rio-de-janeiro-rio-de-janeir-rj\/","title":{"rendered":"Vendedor Varejo &#8211; Rio de Janeiro  Rio de Janeir &#8211; RJ"},"content":{"rendered":"<p style=\"text-align: justify;\">Requisitos:<\/p>\n<ul style=\"text-align: justify;\">\n<li>\u00a0Ensino m\u00e9dio completo<\/li>\n<li>\u00a0Residir na grande Rio de Janeiro &#8211; RJ<\/li>\n<li>\u00a0Ter carro e CNH B<\/li>\n<li>\u00a0Experi\u00eancia com vendas no Autosservi\u00e7o e redes de supermercados do Rio de Janeiro e com alimentos (lactic\u00ednios, carnes entre outros) ser\u00e1 um diferencial.<\/li>\n<\/ul>\n<p style=\"text-align: justify;\">Diferenciais:<\/p>\n<ul style=\"text-align: justify;\">\n<li>Ensino Superior.<\/li>\n<li>\u00a0Experi\u00eancia com vendas no canal de Autosservi\u00e7o, Redes de Supermercados, cash &amp; carry .<\/li>\n<li>\u00a0No segmento de alimentos congelados, carnes, latic\u00ednios ou panificados, ser\u00e1 um diferencial.<\/li>\n<\/ul>\n<p style=\"text-align: justify;\">Atividade e Responsabilidades:<\/p>\n<ul style=\"text-align: justify;\">\n<li>Realizar prospec\u00e7\u00e3o ativa de novos clientes no segmento de Varejo.<\/li>\n<li>Efetuar visitas peri\u00f3dicas para manuten\u00e7\u00e3o e fideliza\u00e7\u00e3o da carteira.<\/li>\n<li>Identificar oportunidades de neg\u00f3cios e garantir aumento de volume e mix de produtos.<\/li>\n<li>Realizar negocia\u00e7\u00f5es comerciais, acompanhar pedidos e garantir a satisfa\u00e7\u00e3o do cliente.<\/li>\n<li>Monitorar o desempenho dos clientes e orientar a\u00e7\u00f5es para fortalecimento do relacionamento.<\/li>\n<li>Atuar de forma alinhada \u00e0s diretrizes comerciais e metas da empresa.<\/li>\n<\/ul>\n<p style=\"text-align: justify;\">Jornada de trabalho:<\/p>\n<ul style=\"text-align: justify;\">\n<li>44 horas semanais &#8211; Hor\u00e1rio Comercial<\/li>\n<\/ul>\n<p style=\"text-align: justify;\">Cadastrar curr\u00edculo informando no assunto a vaga de interesse para o Link<br \/>\nhttps:\/\/www.empregare.com\/pt-br\/vaga-vendedor-varejo-rio-de-janeiro_111665<\/p>\n","protected":false},"excerpt":{"rendered":"<p>Requisitos: \u00a0Ensino m\u00e9dio completo \u00a0Residir na grande Rio de Janeiro &#8211; RJ \u00a0Ter carro e CNH B \u00a0Experi\u00eancia com vendas no Autosservi\u00e7o e redes de [&#8230;]<\/p>\n","protected":false},"author":2,"featured_media":0,"comment_status":"closed","ping_status":"closed","sticky":false,"template":"","format":"standard","meta":{"footnotes":""},"categories":[27,59],"tags":[],"class_list":["post-193223","post","type-post","status-publish","format-standard","hentry","category-comercial-vendedor","category-ensino-medio"],"yoast_head":"<!-- This site is optimized with the Yoast SEO plugin v27.5 - https:\/\/yoast.com\/product\/yoast-seo-wordpress\/ -->\n<title>Vendedor Varejo - Rio de Janeiro Rio de Janeir - RJ - VagasRIO<\/title>\n<meta name=\"robots\" content=\"index, follow, max-snippet:-1, max-image-preview:large, max-video-preview:-1\" \/>\n<link rel=\"canonical\" href=\"https:\/\/www.vagasrio.com.br\/index.php\/2026\/03\/05\/vendedor-varejo-rio-de-janeiro-rio-de-janeir-rj\/\" \/>\n<meta property=\"og:locale\" content=\"pt_BR\" \/>\n<meta property=\"og:type\" content=\"article\" \/>\n<meta property=\"og:title\" content=\"Vendedor Varejo - Rio de Janeiro Rio de Janeir - RJ - VagasRIO\" \/>\n<meta property=\"og:description\" content=\"Requisitos: \u00a0Ensino m\u00e9dio completo \u00a0Residir na grande Rio de Janeiro &#8211; RJ \u00a0Ter carro e CNH B \u00a0Experi\u00eancia com vendas no Autosservi\u00e7o e redes de [...]\" \/>\n<meta property=\"og:url\" content=\"https:\/\/www.vagasrio.com.br\/index.php\/2026\/03\/05\/vendedor-varejo-rio-de-janeiro-rio-de-janeir-rj\/\" \/>\n<meta property=\"og:site_name\" content=\"VagasRIO\" \/>\n<meta property=\"article:published_time\" content=\"2026-03-05T16:00:29+00:00\" \/>\n<meta name=\"author\" content=\"vagasemprego\" \/>\n<meta name=\"twitter:card\" content=\"summary_large_image\" \/>\n<meta name=\"twitter:label1\" content=\"Escrito por\" \/>\n\t<meta name=\"twitter:data1\" content=\"vagasemprego\" \/>\n\t<meta name=\"twitter:label2\" content=\"Est. tempo de leitura\" \/>\n\t<meta name=\"twitter:data2\" content=\"1 minuto\" \/>\n<script type=\"application\/ld+json\" class=\"yoast-schema-graph\">{\"@context\":\"https:\\\/\\\/schema.org\",\"@graph\":[{\"@type\":\"Article\",\"@id\":\"https:\\\/\\\/www.vagasrio.com.br\\\/index.php\\\/2026\\\/03\\\/05\\\/vendedor-varejo-rio-de-janeiro-rio-de-janeir-rj\\\/#article\",\"isPartOf\":{\"@id\":\"https:\\\/\\\/www.vagasrio.com.br\\\/index.php\\\/2026\\\/03\\\/05\\\/vendedor-varejo-rio-de-janeiro-rio-de-janeir-rj\\\/\"},\"author\":{\"name\":\"vagasemprego\",\"@id\":\"https:\\\/\\\/www.vagasrio.com.br\\\/#\\\/schema\\\/person\\\/c11a3c03d007680d42e30222eff1ea53\"},\"headline\":\"Vendedor Varejo &#8211; Rio de Janeiro Rio de Janeir &#8211; RJ\",\"datePublished\":\"2026-03-05T16:00:29+00:00\",\"mainEntityOfPage\":{\"@id\":\"https:\\\/\\\/www.vagasrio.com.br\\\/index.php\\\/2026\\\/03\\\/05\\\/vendedor-varejo-rio-de-janeiro-rio-de-janeir-rj\\\/\"},\"wordCount\":191,\"publisher\":{\"@id\":\"https:\\\/\\\/www.vagasrio.com.br\\\/#organization\"},\"articleSection\":[\"comercial \\\/ vendas\",\"ensino m\u00e9dio\"],\"inLanguage\":\"pt-BR\"},{\"@type\":\"WebPage\",\"@id\":\"https:\\\/\\\/www.vagasrio.com.br\\\/index.php\\\/2026\\\/03\\\/05\\\/vendedor-varejo-rio-de-janeiro-rio-de-janeir-rj\\\/\",\"url\":\"https:\\\/\\\/www.vagasrio.com.br\\\/index.php\\\/2026\\\/03\\\/05\\\/vendedor-varejo-rio-de-janeiro-rio-de-janeir-rj\\\/\",\"name\":\"Vendedor Varejo - Rio de Janeiro Rio de Janeir - RJ - VagasRIO\",\"isPartOf\":{\"@id\":\"https:\\\/\\\/www.vagasrio.com.br\\\/#website\"},\"datePublished\":\"2026-03-05T16:00:29+00:00\",\"breadcrumb\":{\"@id\":\"https:\\\/\\\/www.vagasrio.com.br\\\/index.php\\\/2026\\\/03\\\/05\\\/vendedor-varejo-rio-de-janeiro-rio-de-janeir-rj\\\/#breadcrumb\"},\"inLanguage\":\"pt-BR\",\"potentialAction\":[{\"@type\":\"ReadAction\",\"target\":[\"https:\\\/\\\/www.vagasrio.com.br\\\/index.php\\\/2026\\\/03\\\/05\\\/vendedor-varejo-rio-de-janeiro-rio-de-janeir-rj\\\/\"]}]},{\"@type\":\"BreadcrumbList\",\"@id\":\"https:\\\/\\\/www.vagasrio.com.br\\\/index.php\\\/2026\\\/03\\\/05\\\/vendedor-varejo-rio-de-janeiro-rio-de-janeir-rj\\\/#breadcrumb\",\"itemListElement\":[{\"@type\":\"ListItem\",\"position\":1,\"name\":\"Home\",\"item\":\"https:\\\/\\\/www.vagasrio.com.br\\\/\"},{\"@type\":\"ListItem\",\"position\":2,\"name\":\"Vendedor Varejo &#8211; Rio de Janeiro Rio de Janeir &#8211; RJ\"}]},{\"@type\":\"WebSite\",\"@id\":\"https:\\\/\\\/www.vagasrio.com.br\\\/#website\",\"url\":\"https:\\\/\\\/www.vagasrio.com.br\\\/\",\"name\":\"VagasRIO\",\"description\":\"Vagas de Emprego e Est\u00e1gio no Rio de Janeiro\",\"publisher\":{\"@id\":\"https:\\\/\\\/www.vagasrio.com.br\\\/#organization\"},\"potentialAction\":[{\"@type\":\"SearchAction\",\"target\":{\"@type\":\"EntryPoint\",\"urlTemplate\":\"https:\\\/\\\/www.vagasrio.com.br\\\/?s={search_term_string}\"},\"query-input\":{\"@type\":\"PropertyValueSpecification\",\"valueRequired\":true,\"valueName\":\"search_term_string\"}}],\"inLanguage\":\"pt-BR\"},{\"@type\":\"Organization\",\"@id\":\"https:\\\/\\\/www.vagasrio.com.br\\\/#organization\",\"name\":\"VagasRIO\",\"url\":\"https:\\\/\\\/www.vagasrio.com.br\\\/\",\"logo\":{\"@type\":\"ImageObject\",\"inLanguage\":\"pt-BR\",\"@id\":\"https:\\\/\\\/www.vagasrio.com.br\\\/#\\\/schema\\\/logo\\\/image\\\/\",\"url\":\"https:\\\/\\\/www.vagasrio.com.br\\\/wp-content\\\/uploads\\\/2025\\\/06\\\/cropped-logo90.jpg\",\"contentUrl\":\"https:\\\/\\\/www.vagasrio.com.br\\\/wp-content\\\/uploads\\\/2025\\\/06\\\/cropped-logo90.jpg\",\"width\":220,\"height\":90,\"caption\":\"VagasRIO\"},\"image\":{\"@id\":\"https:\\\/\\\/www.vagasrio.com.br\\\/#\\\/schema\\\/logo\\\/image\\\/\"}},{\"@type\":\"Person\",\"@id\":\"https:\\\/\\\/www.vagasrio.com.br\\\/#\\\/schema\\\/person\\\/c11a3c03d007680d42e30222eff1ea53\",\"name\":\"vagasemprego\",\"image\":{\"@type\":\"ImageObject\",\"inLanguage\":\"pt-BR\",\"@id\":\"https:\\\/\\\/secure.gravatar.com\\\/avatar\\\/e198f9393383244894b06db503be8cb43011f384a429c7a9f84f3f61c138a35e?s=96&d=mm&r=g\",\"url\":\"https:\\\/\\\/secure.gravatar.com\\\/avatar\\\/e198f9393383244894b06db503be8cb43011f384a429c7a9f84f3f61c138a35e?s=96&d=mm&r=g\",\"contentUrl\":\"https:\\\/\\\/secure.gravatar.com\\\/avatar\\\/e198f9393383244894b06db503be8cb43011f384a429c7a9f84f3f61c138a35e?s=96&d=mm&r=g\",\"caption\":\"vagasemprego\"},\"url\":\"https:\\\/\\\/www.vagasrio.com.br\\\/index.php\\\/author\\\/vagasemprego\\\/\"}]}<\/script>\n<!-- \/ Yoast SEO plugin. -->","yoast_head_json":{"title":"Vendedor Varejo - Rio de Janeiro Rio de Janeir - RJ - VagasRIO","robots":{"index":"index","follow":"follow","max-snippet":"max-snippet:-1","max-image-preview":"max-image-preview:large","max-video-preview":"max-video-preview:-1"},"canonical":"https:\/\/www.vagasrio.com.br\/index.php\/2026\/03\/05\/vendedor-varejo-rio-de-janeiro-rio-de-janeir-rj\/","og_locale":"pt_BR","og_type":"article","og_title":"Vendedor Varejo - Rio de Janeiro Rio de Janeir - RJ - VagasRIO","og_description":"Requisitos: \u00a0Ensino m\u00e9dio completo \u00a0Residir na grande Rio de Janeiro &#8211; RJ \u00a0Ter carro e CNH B \u00a0Experi\u00eancia com vendas no Autosservi\u00e7o e redes de [...]","og_url":"https:\/\/www.vagasrio.com.br\/index.php\/2026\/03\/05\/vendedor-varejo-rio-de-janeiro-rio-de-janeir-rj\/","og_site_name":"VagasRIO","article_published_time":"2026-03-05T16:00:29+00:00","author":"vagasemprego","twitter_card":"summary_large_image","twitter_misc":{"Escrito por":"vagasemprego","Est. tempo de leitura":"1 minuto"},"schema":{"@context":"https:\/\/schema.org","@graph":[{"@type":"Article","@id":"https:\/\/www.vagasrio.com.br\/index.php\/2026\/03\/05\/vendedor-varejo-rio-de-janeiro-rio-de-janeir-rj\/#article","isPartOf":{"@id":"https:\/\/www.vagasrio.com.br\/index.php\/2026\/03\/05\/vendedor-varejo-rio-de-janeiro-rio-de-janeir-rj\/"},"author":{"name":"vagasemprego","@id":"https:\/\/www.vagasrio.com.br\/#\/schema\/person\/c11a3c03d007680d42e30222eff1ea53"},"headline":"Vendedor Varejo &#8211; Rio de Janeiro Rio de Janeir &#8211; RJ","datePublished":"2026-03-05T16:00:29+00:00","mainEntityOfPage":{"@id":"https:\/\/www.vagasrio.com.br\/index.php\/2026\/03\/05\/vendedor-varejo-rio-de-janeiro-rio-de-janeir-rj\/"},"wordCount":191,"publisher":{"@id":"https:\/\/www.vagasrio.com.br\/#organization"},"articleSection":["comercial \/ vendas","ensino m\u00e9dio"],"inLanguage":"pt-BR"},{"@type":"WebPage","@id":"https:\/\/www.vagasrio.com.br\/index.php\/2026\/03\/05\/vendedor-varejo-rio-de-janeiro-rio-de-janeir-rj\/","url":"https:\/\/www.vagasrio.com.br\/index.php\/2026\/03\/05\/vendedor-varejo-rio-de-janeiro-rio-de-janeir-rj\/","name":"Vendedor Varejo - Rio de Janeiro Rio de Janeir - RJ - VagasRIO","isPartOf":{"@id":"https:\/\/www.vagasrio.com.br\/#website"},"datePublished":"2026-03-05T16:00:29+00:00","breadcrumb":{"@id":"https:\/\/www.vagasrio.com.br\/index.php\/2026\/03\/05\/vendedor-varejo-rio-de-janeiro-rio-de-janeir-rj\/#breadcrumb"},"inLanguage":"pt-BR","potentialAction":[{"@type":"ReadAction","target":["https:\/\/www.vagasrio.com.br\/index.php\/2026\/03\/05\/vendedor-varejo-rio-de-janeiro-rio-de-janeir-rj\/"]}]},{"@type":"BreadcrumbList","@id":"https:\/\/www.vagasrio.com.br\/index.php\/2026\/03\/05\/vendedor-varejo-rio-de-janeiro-rio-de-janeir-rj\/#breadcrumb","itemListElement":[{"@type":"ListItem","position":1,"name":"Home","item":"https:\/\/www.vagasrio.com.br\/"},{"@type":"ListItem","position":2,"name":"Vendedor Varejo &#8211; Rio de Janeiro Rio de Janeir &#8211; RJ"}]},{"@type":"WebSite","@id":"https:\/\/www.vagasrio.com.br\/#website","url":"https:\/\/www.vagasrio.com.br\/","name":"VagasRIO","description":"Vagas de Emprego e Est\u00e1gio no Rio de Janeiro","publisher":{"@id":"https:\/\/www.vagasrio.com.br\/#organization"},"potentialAction":[{"@type":"SearchAction","target":{"@type":"EntryPoint","urlTemplate":"https:\/\/www.vagasrio.com.br\/?s={search_term_string}"},"query-input":{"@type":"PropertyValueSpecification","valueRequired":true,"valueName":"search_term_string"}}],"inLanguage":"pt-BR"},{"@type":"Organization","@id":"https:\/\/www.vagasrio.com.br\/#organization","name":"VagasRIO","url":"https:\/\/www.vagasrio.com.br\/","logo":{"@type":"ImageObject","inLanguage":"pt-BR","@id":"https:\/\/www.vagasrio.com.br\/#\/schema\/logo\/image\/","url":"https:\/\/www.vagasrio.com.br\/wp-content\/uploads\/2025\/06\/cropped-logo90.jpg","contentUrl":"https:\/\/www.vagasrio.com.br\/wp-content\/uploads\/2025\/06\/cropped-logo90.jpg","width":220,"height":90,"caption":"VagasRIO"},"image":{"@id":"https:\/\/www.vagasrio.com.br\/#\/schema\/logo\/image\/"}},{"@type":"Person","@id":"https:\/\/www.vagasrio.com.br\/#\/schema\/person\/c11a3c03d007680d42e30222eff1ea53","name":"vagasemprego","image":{"@type":"ImageObject","inLanguage":"pt-BR","@id":"https:\/\/secure.gravatar.com\/avatar\/e198f9393383244894b06db503be8cb43011f384a429c7a9f84f3f61c138a35e?s=96&d=mm&r=g","url":"https:\/\/secure.gravatar.com\/avatar\/e198f9393383244894b06db503be8cb43011f384a429c7a9f84f3f61c138a35e?s=96&d=mm&r=g","contentUrl":"https:\/\/secure.gravatar.com\/avatar\/e198f9393383244894b06db503be8cb43011f384a429c7a9f84f3f61c138a35e?s=96&d=mm&r=g","caption":"vagasemprego"},"url":"https:\/\/www.vagasrio.com.br\/index.php\/author\/vagasemprego\/"}]}},"_links":{"self":[{"href":"https:\/\/www.vagasrio.com.br\/index.php\/wp-json\/wp\/v2\/posts\/193223","targetHints":{"allow":["GET"]}}],"collection":[{"href":"https:\/\/www.vagasrio.com.br\/index.php\/wp-json\/wp\/v2\/posts"}],"about":[{"href":"https:\/\/www.vagasrio.com.br\/index.php\/wp-json\/wp\/v2\/types\/post"}],"author":[{"embeddable":true,"href":"https:\/\/www.vagasrio.com.br\/index.php\/wp-json\/wp\/v2\/users\/2"}],"replies":[{"embeddable":true,"href":"https:\/\/www.vagasrio.com.br\/index.php\/wp-json\/wp\/v2\/comments?post=193223"}],"version-history":[{"count":1,"href":"https:\/\/www.vagasrio.com.br\/index.php\/wp-json\/wp\/v2\/posts\/193223\/revisions"}],"predecessor-version":[{"id":193224,"href":"https:\/\/www.vagasrio.com.br\/index.php\/wp-json\/wp\/v2\/posts\/193223\/revisions\/193224"}],"wp:attachment":[{"href":"https:\/\/www.vagasrio.com.br\/index.php\/wp-json\/wp\/v2\/media?parent=193223"}],"wp:term":[{"taxonomy":"category","embeddable":true,"href":"https:\/\/www.vagasrio.com.br\/index.php\/wp-json\/wp\/v2\/categories?post=193223"},{"taxonomy":"post_tag","embeddable":true,"href":"https:\/\/www.vagasrio.com.br\/index.php\/wp-json\/wp\/v2\/tags?post=193223"}],"curies":[{"name":"wp","href":"https:\/\/api.w.org\/{rel}","templated":true}]}}