{"id":193244,"date":"2026-03-11T11:00:51","date_gmt":"2026-03-11T14:00:51","guid":{"rendered":"https:\/\/www.vagasrio.com.br\/?p=193244"},"modified":"2026-03-10T22:49:15","modified_gmt":"2026-03-11T01:49:15","slug":"tecnico-de-qualidade-mecanico-automotivo-porto-real-rj","status":"publish","type":"post","link":"https:\/\/www.vagasrio.com.br\/index.php\/2026\/03\/11\/tecnico-de-qualidade-mecanico-automotivo-porto-real-rj\/","title":{"rendered":"T\u00e9cnico de Qualidade  Mec\u00e2nico Automotivo &#8211;  Porto Real &#8211; RJ"},"content":{"rendered":"<p style=\"text-align: justify;\">Requisitos:<\/p>\n<ul style=\"text-align: justify;\">\n<li>Desej\u00e1vel: forma\u00e7\u00e3o T\u00e9cnica, Mec\u00e2nico de Auto, Mec\u00e2nica, Eletr\u00f4nica, Automa\u00e7\u00e3o, Mecatr\u00f4nica, ou \u00e1reas afins<\/li>\n<li>Disponibilidade para trabalhar com turno<\/li>\n<li>Experi\u00eancia na \u00e1rea e Conhecimento em Pacote office; Leitura e interpreta\u00e7\u00e3o de desenho t\u00e9cnico; desej\u00e1vel Ingl\u00eas Leitura e Escrita.<\/li>\n<\/ul>\n<p style=\"text-align: justify;\">Atividades e Responsabilidades:<\/p>\n<ul style=\"text-align: justify;\">\n<li>Respons\u00e1vel pela an\u00e1lise t\u00e9cnica de falhas em pe\u00e7as sob garantia, atuando diretamente na identifica\u00e7\u00e3o de causas e suportando a equipe na aplica\u00e7\u00e3o de solu\u00e7\u00f5es. Suportar o processo produtivo interno, contribuindo para a melhoria cont\u00ednua da qualidade dos produtos e processos.<\/li>\n<li>Realizar an\u00e1lises de falhas em componentes mec\u00e2nicos (propuls\u00e3o e chassis) provenientes de garantia.<\/li>\n<li>Elaborar relat\u00f3rios t\u00e9cnicos com evid\u00eancias e conclus\u00f5es das an\u00e1lises realizadas.<\/li>\n<li>Apoiar as \u00e1reas produtivas internas na resolu\u00e7\u00e3o de problemas de qualidade.<br \/>\nParticipar ativamente das equipes de melhoria de processo, propondo a\u00e7\u00f5es corretivas e preventivas.<\/li>\n<li>Realizar follow up com fornecedores e \u00e1reas de engenharia para valida\u00e7\u00e3o de solu\u00e7\u00f5es e melhorias.<\/li>\n<li>Monitorar indicadores de qualidade relacionados \u00e0 sua \u00e1rea de atua\u00e7\u00e3o.<\/li>\n<li>Realizar visita t\u00e9cnica nos fornecedores para an\u00e1lise do processo e valida\u00e7\u00e3o das a\u00e7\u00f5es aplicadas.<\/li>\n<li>An\u00e1lise e aprova\u00e7\u00e3o de novos produtos ou modifica\u00e7\u00f5es considerando os crit\u00e9rios PPAP<\/li>\n<li>Conduzir e remediar discuss\u00f5es t\u00e9cnicas com equipe multifuncional atrav\u00e9s da comunica\u00e7\u00e3o assertiva. Reter atrav\u00e9s de ata ou relat\u00f3rio t\u00e9cnico as informa\u00e7\u00f5es tratadas.<\/li>\n<\/ul>\n<p style=\"text-align: justify;\">Jornada de trabalho:<\/p>\n<ul style=\"text-align: justify;\">\n<li>Disponibilidade para trabalhar por Turnos<\/li>\n<\/ul>\n<p style=\"text-align: justify;\">Benef\u00edcios:<\/p>\n<ul style=\"text-align: justify;\">\n<li>Assist\u00eancia m\u00e9dica<\/li>\n<li>Assist\u00eancia odontol\u00f3gica<\/li>\n<li>Aux\u00edlio academia<\/li>\n<li>Aux\u00edlio creche<\/li>\n<li>Aux\u00edlio farm\u00e1cia<\/li>\n<li>Cesta b\u00e1sica<\/li>\n<li>Fretado<\/li>\n<li>Participa\u00e7\u00e3o nos lucros<\/li>\n<li>Previd\u00eancia privada<\/li>\n<li>Refei\u00e7\u00e3o no local<\/li>\n<li>Seguro de Vida<\/li>\n<li>Transporte<\/li>\n<\/ul>\n<p style=\"text-align: justify;\">Cadastrar curr\u00edculo informando no assunto a vaga de interesse para o Link<br \/>\nhttps:\/\/www.empregare.com\/pt-br\/vaga-tecnico-de-qualidade-mecanico-automotivo_136883<\/p>\n","protected":false},"excerpt":{"rendered":"<p>Requisitos: Desej\u00e1vel: forma\u00e7\u00e3o T\u00e9cnica, Mec\u00e2nico de Auto, Mec\u00e2nica, Eletr\u00f4nica, Automa\u00e7\u00e3o, Mecatr\u00f4nica, ou \u00e1reas afins Disponibilidade para trabalhar com turno Experi\u00eancia na \u00e1rea e Conhecimento em [&#8230;]<\/p>\n","protected":false},"author":2,"featured_media":0,"comment_status":"closed","ping_status":"closed","sticky":false,"template":"","format":"standard","meta":{"footnotes":""},"categories":[34,53,63,92,182,183],"tags":[],"class_list":["post-193244","post","type-post","status-publish","format-standard","hentry","category-controle-qualidade","category-eletroeletronica","category-ensino-tecnico","category-mecanica","category-mecanico-de-auto","category-mecatronica"],"yoast_head":"<!-- This site is optimized with the Yoast SEO plugin v27.5 - https:\/\/yoast.com\/product\/yoast-seo-wordpress\/ -->\n<title>T\u00e9cnico de Qualidade Mec\u00e2nico Automotivo - Porto Real - RJ - VagasRIO<\/title>\n<meta name=\"robots\" content=\"index, follow, max-snippet:-1, max-image-preview:large, max-video-preview:-1\" \/>\n<link rel=\"canonical\" href=\"https:\/\/www.vagasrio.com.br\/index.php\/2026\/03\/11\/tecnico-de-qualidade-mecanico-automotivo-porto-real-rj\/\" \/>\n<meta property=\"og:locale\" content=\"pt_BR\" \/>\n<meta property=\"og:type\" content=\"article\" \/>\n<meta property=\"og:title\" content=\"T\u00e9cnico de Qualidade Mec\u00e2nico Automotivo - Porto Real - RJ - VagasRIO\" \/>\n<meta property=\"og:description\" content=\"Requisitos: Desej\u00e1vel: forma\u00e7\u00e3o T\u00e9cnica, Mec\u00e2nico de Auto, Mec\u00e2nica, Eletr\u00f4nica, Automa\u00e7\u00e3o, Mecatr\u00f4nica, ou \u00e1reas afins Disponibilidade para trabalhar com turno Experi\u00eancia na \u00e1rea e Conhecimento em [...]\" \/>\n<meta property=\"og:url\" content=\"https:\/\/www.vagasrio.com.br\/index.php\/2026\/03\/11\/tecnico-de-qualidade-mecanico-automotivo-porto-real-rj\/\" \/>\n<meta property=\"og:site_name\" content=\"VagasRIO\" \/>\n<meta property=\"article:published_time\" content=\"2026-03-11T14:00:51+00:00\" \/>\n<meta name=\"author\" content=\"vagasemprego\" \/>\n<meta name=\"twitter:card\" content=\"summary_large_image\" \/>\n<meta name=\"twitter:label1\" content=\"Escrito por\" \/>\n\t<meta name=\"twitter:data1\" content=\"vagasemprego\" \/>\n\t<meta name=\"twitter:label2\" content=\"Est. tempo de leitura\" \/>\n\t<meta name=\"twitter:data2\" content=\"2 minutos\" \/>\n<script type=\"application\/ld+json\" class=\"yoast-schema-graph\">{\"@context\":\"https:\\\/\\\/schema.org\",\"@graph\":[{\"@type\":\"Article\",\"@id\":\"https:\\\/\\\/www.vagasrio.com.br\\\/index.php\\\/2026\\\/03\\\/11\\\/tecnico-de-qualidade-mecanico-automotivo-porto-real-rj\\\/#article\",\"isPartOf\":{\"@id\":\"https:\\\/\\\/www.vagasrio.com.br\\\/index.php\\\/2026\\\/03\\\/11\\\/tecnico-de-qualidade-mecanico-automotivo-porto-real-rj\\\/\"},\"author\":{\"name\":\"vagasemprego\",\"@id\":\"https:\\\/\\\/www.vagasrio.com.br\\\/#\\\/schema\\\/person\\\/c11a3c03d007680d42e30222eff1ea53\"},\"headline\":\"T\u00e9cnico de Qualidade Mec\u00e2nico Automotivo &#8211; Porto Real &#8211; RJ\",\"datePublished\":\"2026-03-11T14:00:51+00:00\",\"mainEntityOfPage\":{\"@id\":\"https:\\\/\\\/www.vagasrio.com.br\\\/index.php\\\/2026\\\/03\\\/11\\\/tecnico-de-qualidade-mecanico-automotivo-porto-real-rj\\\/\"},\"wordCount\":328,\"publisher\":{\"@id\":\"https:\\\/\\\/www.vagasrio.com.br\\\/#organization\"},\"articleSection\":[\"controle qualidade\",\"eletr\u00f4nica\",\"ensino t\u00e9cnico\",\"mec\u00e2nica\",\"mec\u00e2nico de auto\",\"mecatr\u00f4nica\"],\"inLanguage\":\"pt-BR\"},{\"@type\":\"WebPage\",\"@id\":\"https:\\\/\\\/www.vagasrio.com.br\\\/index.php\\\/2026\\\/03\\\/11\\\/tecnico-de-qualidade-mecanico-automotivo-porto-real-rj\\\/\",\"url\":\"https:\\\/\\\/www.vagasrio.com.br\\\/index.php\\\/2026\\\/03\\\/11\\\/tecnico-de-qualidade-mecanico-automotivo-porto-real-rj\\\/\",\"name\":\"T\u00e9cnico de Qualidade Mec\u00e2nico Automotivo - Porto Real - RJ - VagasRIO\",\"isPartOf\":{\"@id\":\"https:\\\/\\\/www.vagasrio.com.br\\\/#website\"},\"datePublished\":\"2026-03-11T14:00:51+00:00\",\"breadcrumb\":{\"@id\":\"https:\\\/\\\/www.vagasrio.com.br\\\/index.php\\\/2026\\\/03\\\/11\\\/tecnico-de-qualidade-mecanico-automotivo-porto-real-rj\\\/#breadcrumb\"},\"inLanguage\":\"pt-BR\",\"potentialAction\":[{\"@type\":\"ReadAction\",\"target\":[\"https:\\\/\\\/www.vagasrio.com.br\\\/index.php\\\/2026\\\/03\\\/11\\\/tecnico-de-qualidade-mecanico-automotivo-porto-real-rj\\\/\"]}]},{\"@type\":\"BreadcrumbList\",\"@id\":\"https:\\\/\\\/www.vagasrio.com.br\\\/index.php\\\/2026\\\/03\\\/11\\\/tecnico-de-qualidade-mecanico-automotivo-porto-real-rj\\\/#breadcrumb\",\"itemListElement\":[{\"@type\":\"ListItem\",\"position\":1,\"name\":\"Home\",\"item\":\"https:\\\/\\\/www.vagasrio.com.br\\\/\"},{\"@type\":\"ListItem\",\"position\":2,\"name\":\"T\u00e9cnico de Qualidade Mec\u00e2nico Automotivo &#8211; Porto Real &#8211; RJ\"}]},{\"@type\":\"WebSite\",\"@id\":\"https:\\\/\\\/www.vagasrio.com.br\\\/#website\",\"url\":\"https:\\\/\\\/www.vagasrio.com.br\\\/\",\"name\":\"VagasRIO\",\"description\":\"Vagas de Emprego e Est\u00e1gio no Rio de Janeiro\",\"publisher\":{\"@id\":\"https:\\\/\\\/www.vagasrio.com.br\\\/#organization\"},\"potentialAction\":[{\"@type\":\"SearchAction\",\"target\":{\"@type\":\"EntryPoint\",\"urlTemplate\":\"https:\\\/\\\/www.vagasrio.com.br\\\/?s={search_term_string}\"},\"query-input\":{\"@type\":\"PropertyValueSpecification\",\"valueRequired\":true,\"valueName\":\"search_term_string\"}}],\"inLanguage\":\"pt-BR\"},{\"@type\":\"Organization\",\"@id\":\"https:\\\/\\\/www.vagasrio.com.br\\\/#organization\",\"name\":\"VagasRIO\",\"url\":\"https:\\\/\\\/www.vagasrio.com.br\\\/\",\"logo\":{\"@type\":\"ImageObject\",\"inLanguage\":\"pt-BR\",\"@id\":\"https:\\\/\\\/www.vagasrio.com.br\\\/#\\\/schema\\\/logo\\\/image\\\/\",\"url\":\"https:\\\/\\\/www.vagasrio.com.br\\\/wp-content\\\/uploads\\\/2025\\\/06\\\/cropped-logo90.jpg\",\"contentUrl\":\"https:\\\/\\\/www.vagasrio.com.br\\\/wp-content\\\/uploads\\\/2025\\\/06\\\/cropped-logo90.jpg\",\"width\":220,\"height\":90,\"caption\":\"VagasRIO\"},\"image\":{\"@id\":\"https:\\\/\\\/www.vagasrio.com.br\\\/#\\\/schema\\\/logo\\\/image\\\/\"}},{\"@type\":\"Person\",\"@id\":\"https:\\\/\\\/www.vagasrio.com.br\\\/#\\\/schema\\\/person\\\/c11a3c03d007680d42e30222eff1ea53\",\"name\":\"vagasemprego\",\"image\":{\"@type\":\"ImageObject\",\"inLanguage\":\"pt-BR\",\"@id\":\"https:\\\/\\\/secure.gravatar.com\\\/avatar\\\/e198f9393383244894b06db503be8cb43011f384a429c7a9f84f3f61c138a35e?s=96&d=mm&r=g\",\"url\":\"https:\\\/\\\/secure.gravatar.com\\\/avatar\\\/e198f9393383244894b06db503be8cb43011f384a429c7a9f84f3f61c138a35e?s=96&d=mm&r=g\",\"contentUrl\":\"https:\\\/\\\/secure.gravatar.com\\\/avatar\\\/e198f9393383244894b06db503be8cb43011f384a429c7a9f84f3f61c138a35e?s=96&d=mm&r=g\",\"caption\":\"vagasemprego\"},\"url\":\"https:\\\/\\\/www.vagasrio.com.br\\\/index.php\\\/author\\\/vagasemprego\\\/\"}]}<\/script>\n<!-- \/ Yoast SEO plugin. -->","yoast_head_json":{"title":"T\u00e9cnico de Qualidade Mec\u00e2nico Automotivo - Porto Real - RJ - VagasRIO","robots":{"index":"index","follow":"follow","max-snippet":"max-snippet:-1","max-image-preview":"max-image-preview:large","max-video-preview":"max-video-preview:-1"},"canonical":"https:\/\/www.vagasrio.com.br\/index.php\/2026\/03\/11\/tecnico-de-qualidade-mecanico-automotivo-porto-real-rj\/","og_locale":"pt_BR","og_type":"article","og_title":"T\u00e9cnico de Qualidade Mec\u00e2nico Automotivo - Porto Real - RJ - VagasRIO","og_description":"Requisitos: Desej\u00e1vel: forma\u00e7\u00e3o T\u00e9cnica, Mec\u00e2nico de Auto, Mec\u00e2nica, Eletr\u00f4nica, Automa\u00e7\u00e3o, Mecatr\u00f4nica, ou \u00e1reas afins Disponibilidade para trabalhar com turno Experi\u00eancia na \u00e1rea e Conhecimento em [...]","og_url":"https:\/\/www.vagasrio.com.br\/index.php\/2026\/03\/11\/tecnico-de-qualidade-mecanico-automotivo-porto-real-rj\/","og_site_name":"VagasRIO","article_published_time":"2026-03-11T14:00:51+00:00","author":"vagasemprego","twitter_card":"summary_large_image","twitter_misc":{"Escrito por":"vagasemprego","Est. tempo de leitura":"2 minutos"},"schema":{"@context":"https:\/\/schema.org","@graph":[{"@type":"Article","@id":"https:\/\/www.vagasrio.com.br\/index.php\/2026\/03\/11\/tecnico-de-qualidade-mecanico-automotivo-porto-real-rj\/#article","isPartOf":{"@id":"https:\/\/www.vagasrio.com.br\/index.php\/2026\/03\/11\/tecnico-de-qualidade-mecanico-automotivo-porto-real-rj\/"},"author":{"name":"vagasemprego","@id":"https:\/\/www.vagasrio.com.br\/#\/schema\/person\/c11a3c03d007680d42e30222eff1ea53"},"headline":"T\u00e9cnico de Qualidade Mec\u00e2nico Automotivo &#8211; Porto Real &#8211; RJ","datePublished":"2026-03-11T14:00:51+00:00","mainEntityOfPage":{"@id":"https:\/\/www.vagasrio.com.br\/index.php\/2026\/03\/11\/tecnico-de-qualidade-mecanico-automotivo-porto-real-rj\/"},"wordCount":328,"publisher":{"@id":"https:\/\/www.vagasrio.com.br\/#organization"},"articleSection":["controle qualidade","eletr\u00f4nica","ensino t\u00e9cnico","mec\u00e2nica","mec\u00e2nico de auto","mecatr\u00f4nica"],"inLanguage":"pt-BR"},{"@type":"WebPage","@id":"https:\/\/www.vagasrio.com.br\/index.php\/2026\/03\/11\/tecnico-de-qualidade-mecanico-automotivo-porto-real-rj\/","url":"https:\/\/www.vagasrio.com.br\/index.php\/2026\/03\/11\/tecnico-de-qualidade-mecanico-automotivo-porto-real-rj\/","name":"T\u00e9cnico de Qualidade Mec\u00e2nico Automotivo - Porto Real - RJ - VagasRIO","isPartOf":{"@id":"https:\/\/www.vagasrio.com.br\/#website"},"datePublished":"2026-03-11T14:00:51+00:00","breadcrumb":{"@id":"https:\/\/www.vagasrio.com.br\/index.php\/2026\/03\/11\/tecnico-de-qualidade-mecanico-automotivo-porto-real-rj\/#breadcrumb"},"inLanguage":"pt-BR","potentialAction":[{"@type":"ReadAction","target":["https:\/\/www.vagasrio.com.br\/index.php\/2026\/03\/11\/tecnico-de-qualidade-mecanico-automotivo-porto-real-rj\/"]}]},{"@type":"BreadcrumbList","@id":"https:\/\/www.vagasrio.com.br\/index.php\/2026\/03\/11\/tecnico-de-qualidade-mecanico-automotivo-porto-real-rj\/#breadcrumb","itemListElement":[{"@type":"ListItem","position":1,"name":"Home","item":"https:\/\/www.vagasrio.com.br\/"},{"@type":"ListItem","position":2,"name":"T\u00e9cnico de Qualidade Mec\u00e2nico Automotivo &#8211; Porto Real &#8211; RJ"}]},{"@type":"WebSite","@id":"https:\/\/www.vagasrio.com.br\/#website","url":"https:\/\/www.vagasrio.com.br\/","name":"VagasRIO","description":"Vagas de Emprego e Est\u00e1gio no Rio de Janeiro","publisher":{"@id":"https:\/\/www.vagasrio.com.br\/#organization"},"potentialAction":[{"@type":"SearchAction","target":{"@type":"EntryPoint","urlTemplate":"https:\/\/www.vagasrio.com.br\/?s={search_term_string}"},"query-input":{"@type":"PropertyValueSpecification","valueRequired":true,"valueName":"search_term_string"}}],"inLanguage":"pt-BR"},{"@type":"Organization","@id":"https:\/\/www.vagasrio.com.br\/#organization","name":"VagasRIO","url":"https:\/\/www.vagasrio.com.br\/","logo":{"@type":"ImageObject","inLanguage":"pt-BR","@id":"https:\/\/www.vagasrio.com.br\/#\/schema\/logo\/image\/","url":"https:\/\/www.vagasrio.com.br\/wp-content\/uploads\/2025\/06\/cropped-logo90.jpg","contentUrl":"https:\/\/www.vagasrio.com.br\/wp-content\/uploads\/2025\/06\/cropped-logo90.jpg","width":220,"height":90,"caption":"VagasRIO"},"image":{"@id":"https:\/\/www.vagasrio.com.br\/#\/schema\/logo\/image\/"}},{"@type":"Person","@id":"https:\/\/www.vagasrio.com.br\/#\/schema\/person\/c11a3c03d007680d42e30222eff1ea53","name":"vagasemprego","image":{"@type":"ImageObject","inLanguage":"pt-BR","@id":"https:\/\/secure.gravatar.com\/avatar\/e198f9393383244894b06db503be8cb43011f384a429c7a9f84f3f61c138a35e?s=96&d=mm&r=g","url":"https:\/\/secure.gravatar.com\/avatar\/e198f9393383244894b06db503be8cb43011f384a429c7a9f84f3f61c138a35e?s=96&d=mm&r=g","contentUrl":"https:\/\/secure.gravatar.com\/avatar\/e198f9393383244894b06db503be8cb43011f384a429c7a9f84f3f61c138a35e?s=96&d=mm&r=g","caption":"vagasemprego"},"url":"https:\/\/www.vagasrio.com.br\/index.php\/author\/vagasemprego\/"}]}},"_links":{"self":[{"href":"https:\/\/www.vagasrio.com.br\/index.php\/wp-json\/wp\/v2\/posts\/193244","targetHints":{"allow":["GET"]}}],"collection":[{"href":"https:\/\/www.vagasrio.com.br\/index.php\/wp-json\/wp\/v2\/posts"}],"about":[{"href":"https:\/\/www.vagasrio.com.br\/index.php\/wp-json\/wp\/v2\/types\/post"}],"author":[{"embeddable":true,"href":"https:\/\/www.vagasrio.com.br\/index.php\/wp-json\/wp\/v2\/users\/2"}],"replies":[{"embeddable":true,"href":"https:\/\/www.vagasrio.com.br\/index.php\/wp-json\/wp\/v2\/comments?post=193244"}],"version-history":[{"count":1,"href":"https:\/\/www.vagasrio.com.br\/index.php\/wp-json\/wp\/v2\/posts\/193244\/revisions"}],"predecessor-version":[{"id":193245,"href":"https:\/\/www.vagasrio.com.br\/index.php\/wp-json\/wp\/v2\/posts\/193244\/revisions\/193245"}],"wp:attachment":[{"href":"https:\/\/www.vagasrio.com.br\/index.php\/wp-json\/wp\/v2\/media?parent=193244"}],"wp:term":[{"taxonomy":"category","embeddable":true,"href":"https:\/\/www.vagasrio.com.br\/index.php\/wp-json\/wp\/v2\/categories?post=193244"},{"taxonomy":"post_tag","embeddable":true,"href":"https:\/\/www.vagasrio.com.br\/index.php\/wp-json\/wp\/v2\/tags?post=193244"}],"curies":[{"name":"wp","href":"https:\/\/api.w.org\/{rel}","templated":true}]}}