{"id":193248,"date":"2026-03-11T14:00:07","date_gmt":"2026-03-11T17:00:07","guid":{"rendered":"https:\/\/www.vagasrio.com.br\/?p=193248"},"modified":"2026-03-10T23:03:21","modified_gmt":"2026-03-11T02:03:21","slug":"mecanico-automotivo-porto-real-rj","status":"publish","type":"post","link":"https:\/\/www.vagasrio.com.br\/index.php\/2026\/03\/11\/mecanico-automotivo-porto-real-rj\/","title":{"rendered":"Mec\u00e2nico Automotivo &#8211;  Porto Real &#8211; RJ"},"content":{"rendered":"<p style=\"text-align: justify;\">Requisitos:<\/p>\n<ul style=\"text-align: justify;\">\n<li>\u00a0Desej\u00e1vel cursos na \u00e1rea de manuten\u00e7\u00e3o automotiva, ou t\u00e9cnico em Mec\u00e2nica ou Eletromec\u00e2nica<\/li>\n<li>\u00a0Experi\u00eancia e conhecimento em manuten\u00e7\u00e3o mec\u00e2nica e el\u00e9trica de Autos.<\/li>\n<li>\u00a0Possuir CNH<\/li>\n<li>\u00a0Disponibilidade de hor\u00e1rio<\/li>\n<li>\u00a0Disponibilidade para viagens<\/li>\n<\/ul>\n<p style=\"text-align: justify;\">Atividades e Responsabilidades:<\/p>\n<ul style=\"text-align: justify;\">\n<li>Diagn\u00f3stico de problemas mec\u00e2nicos ve\u00edculos;<\/li>\n<li>\u00a0Reparos e manuten\u00e7\u00e3o com motores, avan\u00e7ados, freios, suspens\u00e3o, sistemas de escapamento.<\/li>\n<li>\u00a0Customiza\u00e7\u00e3o de pe\u00e7as e do carro<\/li>\n<li>\u00a0Diagn\u00f3stico de problemas el\u00e9tricos ou eletr\u00f4nicos em ve\u00edculos;<\/li>\n<li>\u00a0Manuten\u00e7\u00e3o e reparo dos sistemas el\u00e9tricos de ve\u00edculos automotores, incluindo sistemas de igni\u00e7\u00e3o, ilumina\u00e7\u00e3o, sistemas de som e seguran\u00e7a<\/li>\n<li>\u00a0Sistemas eletr\u00f4nicos relacionados \u00e0 eletr\u00f4nica embarcada, sensores e m\u00f3dulos de controle;<\/li>\n<\/ul>\n<p style=\"text-align: justify;\">Jornada de trabalho:<\/p>\n<ul style=\"text-align: justify;\">\n<li>Disponibilidade de Turno<\/li>\n<\/ul>\n<p style=\"text-align: justify;\">Benef\u00edcios:<\/p>\n<ul style=\"text-align: justify;\">\n<li>Assist\u00eancia m\u00e9dica<\/li>\n<li>Assist\u00eancia odontol\u00f3gica<\/li>\n<li>Aux\u00edlio academia<\/li>\n<li>Aux\u00edlio farm\u00e1cia<\/li>\n<li>Cesta b\u00e1sica<\/li>\n<li>Fretado<\/li>\n<li>Participa\u00e7\u00e3o nos lucros<\/li>\n<li>Refei\u00e7\u00e3o no local<\/li>\n<li>Seguro de Vida<\/li>\n<\/ul>\n<p style=\"text-align: justify;\">Cadastrar curr\u00edculo informando no assunto a vaga de interesse para o Link<br \/>\nhttps:\/\/www.empregare.com\/pt-br\/vaga-mecanico-automotivo_139405<\/p>\n","protected":false},"excerpt":{"rendered":"<p>Requisitos: \u00a0Desej\u00e1vel cursos na \u00e1rea de manuten\u00e7\u00e3o automotiva, ou t\u00e9cnico em Mec\u00e2nica ou Eletromec\u00e2nica \u00a0Experi\u00eancia e conhecimento em manuten\u00e7\u00e3o mec\u00e2nica e el\u00e9trica de Autos. \u00a0Possuir [&#8230;]<\/p>\n","protected":false},"author":2,"featured_media":0,"comment_status":"closed","ping_status":"closed","sticky":false,"template":"","format":"standard","meta":{"footnotes":""},"categories":[38,52,88,92],"tags":[],"class_list":["post-193248","post","type-post","status-publish","format-standard","hentry","category-curso-profissionalizante","category-eletrotecnica","category-mecanico-chapeiro-instalador-automotivo","category-mecanica"],"yoast_head":"<!-- This site is optimized with the Yoast SEO plugin v27.5 - https:\/\/yoast.com\/product\/yoast-seo-wordpress\/ -->\n<title>Mec\u00e2nico Automotivo - Porto Real - RJ - VagasRIO<\/title>\n<meta name=\"robots\" content=\"index, follow, max-snippet:-1, max-image-preview:large, max-video-preview:-1\" \/>\n<link rel=\"canonical\" href=\"https:\/\/www.vagasrio.com.br\/index.php\/2026\/03\/11\/mecanico-automotivo-porto-real-rj\/\" \/>\n<meta property=\"og:locale\" content=\"pt_BR\" \/>\n<meta property=\"og:type\" content=\"article\" \/>\n<meta property=\"og:title\" content=\"Mec\u00e2nico Automotivo - Porto Real - RJ - VagasRIO\" \/>\n<meta property=\"og:description\" content=\"Requisitos: \u00a0Desej\u00e1vel cursos na \u00e1rea de manuten\u00e7\u00e3o automotiva, ou t\u00e9cnico em Mec\u00e2nica ou Eletromec\u00e2nica \u00a0Experi\u00eancia e conhecimento em manuten\u00e7\u00e3o mec\u00e2nica e el\u00e9trica de Autos. \u00a0Possuir [...]\" \/>\n<meta property=\"og:url\" content=\"https:\/\/www.vagasrio.com.br\/index.php\/2026\/03\/11\/mecanico-automotivo-porto-real-rj\/\" \/>\n<meta property=\"og:site_name\" content=\"VagasRIO\" \/>\n<meta property=\"article:published_time\" content=\"2026-03-11T17:00:07+00:00\" \/>\n<meta name=\"author\" content=\"vagasemprego\" \/>\n<meta name=\"twitter:card\" content=\"summary_large_image\" \/>\n<meta name=\"twitter:label1\" content=\"Escrito por\" \/>\n\t<meta name=\"twitter:data1\" content=\"vagasemprego\" \/>\n\t<meta name=\"twitter:label2\" content=\"Est. tempo de leitura\" \/>\n\t<meta name=\"twitter:data2\" content=\"1 minuto\" \/>\n<script type=\"application\/ld+json\" class=\"yoast-schema-graph\">{\"@context\":\"https:\\\/\\\/schema.org\",\"@graph\":[{\"@type\":\"Article\",\"@id\":\"https:\\\/\\\/www.vagasrio.com.br\\\/index.php\\\/2026\\\/03\\\/11\\\/mecanico-automotivo-porto-real-rj\\\/#article\",\"isPartOf\":{\"@id\":\"https:\\\/\\\/www.vagasrio.com.br\\\/index.php\\\/2026\\\/03\\\/11\\\/mecanico-automotivo-porto-real-rj\\\/\"},\"author\":{\"name\":\"vagasemprego\",\"@id\":\"https:\\\/\\\/www.vagasrio.com.br\\\/#\\\/schema\\\/person\\\/c11a3c03d007680d42e30222eff1ea53\"},\"headline\":\"Mec\u00e2nico Automotivo &#8211; Porto Real &#8211; RJ\",\"datePublished\":\"2026-03-11T17:00:07+00:00\",\"mainEntityOfPage\":{\"@id\":\"https:\\\/\\\/www.vagasrio.com.br\\\/index.php\\\/2026\\\/03\\\/11\\\/mecanico-automotivo-porto-real-rj\\\/\"},\"wordCount\":190,\"publisher\":{\"@id\":\"https:\\\/\\\/www.vagasrio.com.br\\\/#organization\"},\"articleSection\":[\"curso profissionalizante\",\"eletromec\u00e2nica\",\"manuten\u00e7\u00e3o automotiva\",\"mec\u00e2nica\"],\"inLanguage\":\"pt-BR\"},{\"@type\":\"WebPage\",\"@id\":\"https:\\\/\\\/www.vagasrio.com.br\\\/index.php\\\/2026\\\/03\\\/11\\\/mecanico-automotivo-porto-real-rj\\\/\",\"url\":\"https:\\\/\\\/www.vagasrio.com.br\\\/index.php\\\/2026\\\/03\\\/11\\\/mecanico-automotivo-porto-real-rj\\\/\",\"name\":\"Mec\u00e2nico Automotivo - Porto Real - RJ - VagasRIO\",\"isPartOf\":{\"@id\":\"https:\\\/\\\/www.vagasrio.com.br\\\/#website\"},\"datePublished\":\"2026-03-11T17:00:07+00:00\",\"breadcrumb\":{\"@id\":\"https:\\\/\\\/www.vagasrio.com.br\\\/index.php\\\/2026\\\/03\\\/11\\\/mecanico-automotivo-porto-real-rj\\\/#breadcrumb\"},\"inLanguage\":\"pt-BR\",\"potentialAction\":[{\"@type\":\"ReadAction\",\"target\":[\"https:\\\/\\\/www.vagasrio.com.br\\\/index.php\\\/2026\\\/03\\\/11\\\/mecanico-automotivo-porto-real-rj\\\/\"]}]},{\"@type\":\"BreadcrumbList\",\"@id\":\"https:\\\/\\\/www.vagasrio.com.br\\\/index.php\\\/2026\\\/03\\\/11\\\/mecanico-automotivo-porto-real-rj\\\/#breadcrumb\",\"itemListElement\":[{\"@type\":\"ListItem\",\"position\":1,\"name\":\"Home\",\"item\":\"https:\\\/\\\/www.vagasrio.com.br\\\/\"},{\"@type\":\"ListItem\",\"position\":2,\"name\":\"Mec\u00e2nico Automotivo &#8211; Porto Real &#8211; RJ\"}]},{\"@type\":\"WebSite\",\"@id\":\"https:\\\/\\\/www.vagasrio.com.br\\\/#website\",\"url\":\"https:\\\/\\\/www.vagasrio.com.br\\\/\",\"name\":\"VagasRIO\",\"description\":\"Vagas de Emprego e Est\u00e1gio no Rio de Janeiro\",\"publisher\":{\"@id\":\"https:\\\/\\\/www.vagasrio.com.br\\\/#organization\"},\"potentialAction\":[{\"@type\":\"SearchAction\",\"target\":{\"@type\":\"EntryPoint\",\"urlTemplate\":\"https:\\\/\\\/www.vagasrio.com.br\\\/?s={search_term_string}\"},\"query-input\":{\"@type\":\"PropertyValueSpecification\",\"valueRequired\":true,\"valueName\":\"search_term_string\"}}],\"inLanguage\":\"pt-BR\"},{\"@type\":\"Organization\",\"@id\":\"https:\\\/\\\/www.vagasrio.com.br\\\/#organization\",\"name\":\"VagasRIO\",\"url\":\"https:\\\/\\\/www.vagasrio.com.br\\\/\",\"logo\":{\"@type\":\"ImageObject\",\"inLanguage\":\"pt-BR\",\"@id\":\"https:\\\/\\\/www.vagasrio.com.br\\\/#\\\/schema\\\/logo\\\/image\\\/\",\"url\":\"https:\\\/\\\/www.vagasrio.com.br\\\/wp-content\\\/uploads\\\/2025\\\/06\\\/cropped-logo90.jpg\",\"contentUrl\":\"https:\\\/\\\/www.vagasrio.com.br\\\/wp-content\\\/uploads\\\/2025\\\/06\\\/cropped-logo90.jpg\",\"width\":220,\"height\":90,\"caption\":\"VagasRIO\"},\"image\":{\"@id\":\"https:\\\/\\\/www.vagasrio.com.br\\\/#\\\/schema\\\/logo\\\/image\\\/\"}},{\"@type\":\"Person\",\"@id\":\"https:\\\/\\\/www.vagasrio.com.br\\\/#\\\/schema\\\/person\\\/c11a3c03d007680d42e30222eff1ea53\",\"name\":\"vagasemprego\",\"image\":{\"@type\":\"ImageObject\",\"inLanguage\":\"pt-BR\",\"@id\":\"https:\\\/\\\/secure.gravatar.com\\\/avatar\\\/e198f9393383244894b06db503be8cb43011f384a429c7a9f84f3f61c138a35e?s=96&d=mm&r=g\",\"url\":\"https:\\\/\\\/secure.gravatar.com\\\/avatar\\\/e198f9393383244894b06db503be8cb43011f384a429c7a9f84f3f61c138a35e?s=96&d=mm&r=g\",\"contentUrl\":\"https:\\\/\\\/secure.gravatar.com\\\/avatar\\\/e198f9393383244894b06db503be8cb43011f384a429c7a9f84f3f61c138a35e?s=96&d=mm&r=g\",\"caption\":\"vagasemprego\"},\"url\":\"https:\\\/\\\/www.vagasrio.com.br\\\/index.php\\\/author\\\/vagasemprego\\\/\"}]}<\/script>\n<!-- \/ Yoast SEO plugin. -->","yoast_head_json":{"title":"Mec\u00e2nico Automotivo - Porto Real - RJ - VagasRIO","robots":{"index":"index","follow":"follow","max-snippet":"max-snippet:-1","max-image-preview":"max-image-preview:large","max-video-preview":"max-video-preview:-1"},"canonical":"https:\/\/www.vagasrio.com.br\/index.php\/2026\/03\/11\/mecanico-automotivo-porto-real-rj\/","og_locale":"pt_BR","og_type":"article","og_title":"Mec\u00e2nico Automotivo - Porto Real - RJ - VagasRIO","og_description":"Requisitos: \u00a0Desej\u00e1vel cursos na \u00e1rea de manuten\u00e7\u00e3o automotiva, ou t\u00e9cnico em Mec\u00e2nica ou Eletromec\u00e2nica \u00a0Experi\u00eancia e conhecimento em manuten\u00e7\u00e3o mec\u00e2nica e el\u00e9trica de Autos. \u00a0Possuir [...]","og_url":"https:\/\/www.vagasrio.com.br\/index.php\/2026\/03\/11\/mecanico-automotivo-porto-real-rj\/","og_site_name":"VagasRIO","article_published_time":"2026-03-11T17:00:07+00:00","author":"vagasemprego","twitter_card":"summary_large_image","twitter_misc":{"Escrito por":"vagasemprego","Est. tempo de leitura":"1 minuto"},"schema":{"@context":"https:\/\/schema.org","@graph":[{"@type":"Article","@id":"https:\/\/www.vagasrio.com.br\/index.php\/2026\/03\/11\/mecanico-automotivo-porto-real-rj\/#article","isPartOf":{"@id":"https:\/\/www.vagasrio.com.br\/index.php\/2026\/03\/11\/mecanico-automotivo-porto-real-rj\/"},"author":{"name":"vagasemprego","@id":"https:\/\/www.vagasrio.com.br\/#\/schema\/person\/c11a3c03d007680d42e30222eff1ea53"},"headline":"Mec\u00e2nico Automotivo &#8211; Porto Real &#8211; RJ","datePublished":"2026-03-11T17:00:07+00:00","mainEntityOfPage":{"@id":"https:\/\/www.vagasrio.com.br\/index.php\/2026\/03\/11\/mecanico-automotivo-porto-real-rj\/"},"wordCount":190,"publisher":{"@id":"https:\/\/www.vagasrio.com.br\/#organization"},"articleSection":["curso profissionalizante","eletromec\u00e2nica","manuten\u00e7\u00e3o automotiva","mec\u00e2nica"],"inLanguage":"pt-BR"},{"@type":"WebPage","@id":"https:\/\/www.vagasrio.com.br\/index.php\/2026\/03\/11\/mecanico-automotivo-porto-real-rj\/","url":"https:\/\/www.vagasrio.com.br\/index.php\/2026\/03\/11\/mecanico-automotivo-porto-real-rj\/","name":"Mec\u00e2nico Automotivo - Porto Real - RJ - VagasRIO","isPartOf":{"@id":"https:\/\/www.vagasrio.com.br\/#website"},"datePublished":"2026-03-11T17:00:07+00:00","breadcrumb":{"@id":"https:\/\/www.vagasrio.com.br\/index.php\/2026\/03\/11\/mecanico-automotivo-porto-real-rj\/#breadcrumb"},"inLanguage":"pt-BR","potentialAction":[{"@type":"ReadAction","target":["https:\/\/www.vagasrio.com.br\/index.php\/2026\/03\/11\/mecanico-automotivo-porto-real-rj\/"]}]},{"@type":"BreadcrumbList","@id":"https:\/\/www.vagasrio.com.br\/index.php\/2026\/03\/11\/mecanico-automotivo-porto-real-rj\/#breadcrumb","itemListElement":[{"@type":"ListItem","position":1,"name":"Home","item":"https:\/\/www.vagasrio.com.br\/"},{"@type":"ListItem","position":2,"name":"Mec\u00e2nico Automotivo &#8211; Porto Real &#8211; RJ"}]},{"@type":"WebSite","@id":"https:\/\/www.vagasrio.com.br\/#website","url":"https:\/\/www.vagasrio.com.br\/","name":"VagasRIO","description":"Vagas de Emprego e Est\u00e1gio no Rio de Janeiro","publisher":{"@id":"https:\/\/www.vagasrio.com.br\/#organization"},"potentialAction":[{"@type":"SearchAction","target":{"@type":"EntryPoint","urlTemplate":"https:\/\/www.vagasrio.com.br\/?s={search_term_string}"},"query-input":{"@type":"PropertyValueSpecification","valueRequired":true,"valueName":"search_term_string"}}],"inLanguage":"pt-BR"},{"@type":"Organization","@id":"https:\/\/www.vagasrio.com.br\/#organization","name":"VagasRIO","url":"https:\/\/www.vagasrio.com.br\/","logo":{"@type":"ImageObject","inLanguage":"pt-BR","@id":"https:\/\/www.vagasrio.com.br\/#\/schema\/logo\/image\/","url":"https:\/\/www.vagasrio.com.br\/wp-content\/uploads\/2025\/06\/cropped-logo90.jpg","contentUrl":"https:\/\/www.vagasrio.com.br\/wp-content\/uploads\/2025\/06\/cropped-logo90.jpg","width":220,"height":90,"caption":"VagasRIO"},"image":{"@id":"https:\/\/www.vagasrio.com.br\/#\/schema\/logo\/image\/"}},{"@type":"Person","@id":"https:\/\/www.vagasrio.com.br\/#\/schema\/person\/c11a3c03d007680d42e30222eff1ea53","name":"vagasemprego","image":{"@type":"ImageObject","inLanguage":"pt-BR","@id":"https:\/\/secure.gravatar.com\/avatar\/e198f9393383244894b06db503be8cb43011f384a429c7a9f84f3f61c138a35e?s=96&d=mm&r=g","url":"https:\/\/secure.gravatar.com\/avatar\/e198f9393383244894b06db503be8cb43011f384a429c7a9f84f3f61c138a35e?s=96&d=mm&r=g","contentUrl":"https:\/\/secure.gravatar.com\/avatar\/e198f9393383244894b06db503be8cb43011f384a429c7a9f84f3f61c138a35e?s=96&d=mm&r=g","caption":"vagasemprego"},"url":"https:\/\/www.vagasrio.com.br\/index.php\/author\/vagasemprego\/"}]}},"_links":{"self":[{"href":"https:\/\/www.vagasrio.com.br\/index.php\/wp-json\/wp\/v2\/posts\/193248","targetHints":{"allow":["GET"]}}],"collection":[{"href":"https:\/\/www.vagasrio.com.br\/index.php\/wp-json\/wp\/v2\/posts"}],"about":[{"href":"https:\/\/www.vagasrio.com.br\/index.php\/wp-json\/wp\/v2\/types\/post"}],"author":[{"embeddable":true,"href":"https:\/\/www.vagasrio.com.br\/index.php\/wp-json\/wp\/v2\/users\/2"}],"replies":[{"embeddable":true,"href":"https:\/\/www.vagasrio.com.br\/index.php\/wp-json\/wp\/v2\/comments?post=193248"}],"version-history":[{"count":1,"href":"https:\/\/www.vagasrio.com.br\/index.php\/wp-json\/wp\/v2\/posts\/193248\/revisions"}],"predecessor-version":[{"id":193249,"href":"https:\/\/www.vagasrio.com.br\/index.php\/wp-json\/wp\/v2\/posts\/193248\/revisions\/193249"}],"wp:attachment":[{"href":"https:\/\/www.vagasrio.com.br\/index.php\/wp-json\/wp\/v2\/media?parent=193248"}],"wp:term":[{"taxonomy":"category","embeddable":true,"href":"https:\/\/www.vagasrio.com.br\/index.php\/wp-json\/wp\/v2\/categories?post=193248"},{"taxonomy":"post_tag","embeddable":true,"href":"https:\/\/www.vagasrio.com.br\/index.php\/wp-json\/wp\/v2\/tags?post=193248"}],"curies":[{"name":"wp","href":"https:\/\/api.w.org\/{rel}","templated":true}]}}