{"id":193250,"date":"2026-03-11T15:00:36","date_gmt":"2026-03-11T18:00:36","guid":{"rendered":"https:\/\/www.vagasrio.com.br\/?p=193250"},"modified":"2026-03-10T23:10:12","modified_gmt":"2026-03-11T02:10:12","slug":"tecnico-manutencao-ii-mecanica-porto-real-rj","status":"publish","type":"post","link":"https:\/\/www.vagasrio.com.br\/index.php\/2026\/03\/11\/tecnico-manutencao-ii-mecanica-porto-real-rj\/","title":{"rendered":"T\u00e9cnico Manuten\u00e7\u00e3o  II &#8211; Mec\u00e2nica &#8211;  Porto Real &#8211; RJ"},"content":{"rendered":"<p style=\"text-align: justify;\">Requisitos:<\/p>\n<ul style=\"text-align: justify;\">\n<li>Obrigat\u00f3rio forma\u00e7\u00e3o t\u00e9cnica conclu\u00edda: Mec\u00e2nica, Eletromec\u00e2nica, Mecatr\u00f4nica, ou \u00e1reas afins<\/li>\n<li>Desej\u00e1vel: superior completo ou cursando em engenharia de automa\u00e7\u00e3o ou \u00e1reas afins<\/li>\n<li>Disponibilidade para trabalhar com turno<\/li>\n<li>Experi\u00eancia na \u00e1rea, e conhecimento em Inform\u00e1tica (Pacote Office e SAP\/PM); Conhecimento em sistemas de pintura (PT-ED, Paint Mix, cabines e fornos); Equipamentos de bombeamento, v\u00e1lvulas, trocadores de calor e sigilatura; Hidr\u00e1ulica, pneum\u00e1tica e leitura de desenho t\u00e9cnico; Mec\u00e2nica de precis\u00e3o (rolamentos, redutores, acoplamentos e eixos); Seguran\u00e7a de processo, bloqueio e etiquetagem mec\u00e2nica.<\/li>\n<\/ul>\n<p style=\"text-align: justify;\">Atividades e Responsabilidades:<\/p>\n<ul style=\"text-align: justify;\">\n<li>Respons\u00e1vel por atividades preventivas, corretivas e preditivas em equipamentos e instala\u00e7\u00f5es do Paint Shop, com foco em sistemas mec\u00e2nicos, hidr\u00e1ulicos e pneum\u00e1ticos nas \u00e1reas de PT-ED, Paint Mix, relargage e central de massas.<\/li>\n<li>Realizar rondas nas \u00e1reas de PT-ED, Paint Mix, Relargage e Central de Massas, verificando condi\u00e7\u00f5es de processo, manuten\u00e7\u00e3o e seguran\u00e7a das instala\u00e7\u00f5es, assegurando a opera\u00e7\u00e3o est\u00e1vel e livre de riscos.<\/li>\n<li>Atuar em conjunto com o time de manuten\u00e7\u00e3o n\u00edvel I no primeiro diagn\u00f3stico de falhas de processo, paradas de linha ou desvios de equipamento, dando suporte t\u00e9cnico \u00e0 equipe de manuten\u00e7\u00e3o para garantir resposta r\u00e1pida e retomada segura da produ\u00e7\u00e3o.<\/li>\n<li>Contribuir na execu\u00e7\u00e3o de projetos e a\u00e7\u00f5es de melhoria, em parceria com o Especialista de Processo, visando aumento de confiabilidade, redu\u00e7\u00e3o de falhas recorrentes e otimiza\u00e7\u00e3o dos sistemas produtivos.<\/li>\n<li>Executar inspe\u00e7\u00f5es preventivas e corretivas em equipamentos e instala\u00e7\u00f5es, abrangendo sistemas mec\u00e2nicos, hidr\u00e1ulicos e pneum\u00e1ticos, assegurando a disponibilidade operacional e o cumprimento das normas de seguran\u00e7a.<\/li>\n<li>Efetuar ajustes e substitui\u00e7\u00f5es de componentes como bombas, v\u00e1lvulas, trocadores de calor, agitadores e dispositivos de controle de temperatura e press\u00e3o, garantindo a estabilidade dos par\u00e2metros de processo.<\/li>\n<li>Apoiar o Especialista de Processo na previs\u00e3o de itens cr\u00edticos e primordiais, evitando paradas por falta de material. Contribui ainda na defini\u00e7\u00e3o, especifica\u00e7\u00e3o e padroniza\u00e7\u00e3o de pe\u00e7as e componentes, assegurando a reposi\u00e7\u00e3o adequada e a continuidade operacional dos sistemas.<\/li>\n<\/ul>\n<p style=\"text-align: justify;\">Jornada de trabalho:<\/p>\n<ul style=\"text-align: justify;\">\n<li>Disponibilidade para trabalhar por Turnos<\/li>\n<\/ul>\n<p style=\"text-align: justify;\">Benef\u00edcios:<\/p>\n<ul style=\"text-align: justify;\">\n<li>Assist\u00eancia m\u00e9dica<\/li>\n<li>Assist\u00eancia odontol\u00f3gica<\/li>\n<li>Aux\u00edlio academia<\/li>\n<li>Aux\u00edlio creche<\/li>\n<li>Aux\u00edlio farm\u00e1cia<\/li>\n<li>Cesta b\u00e1sica<\/li>\n<li>Fretado<\/li>\n<li>Participa\u00e7\u00e3o nos lucros<\/li>\n<li>Previd\u00eancia privada<\/li>\n<li>Refei\u00e7\u00e3o no local<\/li>\n<li>Seguro de Vida<\/li>\n<li>Transporte<\/li>\n<\/ul>\n<p style=\"text-align: justify;\">Cadastrar curr\u00edculo informando no assunto a vaga de interesse para o Link<br \/>\nhttps:\/\/www.empregare.com\/pt-br\/vaga-tecnico-manutencao-ii-mecanica_135978<\/p>\n","protected":false},"excerpt":{"rendered":"<p>Requisitos: Obrigat\u00f3rio forma\u00e7\u00e3o t\u00e9cnica conclu\u00edda: Mec\u00e2nica, Eletromec\u00e2nica, Mecatr\u00f4nica, ou \u00e1reas afins Desej\u00e1vel: superior completo ou cursando em engenharia de automa\u00e7\u00e3o ou \u00e1reas afins Disponibilidade para [&#8230;]<\/p>\n","protected":false},"author":2,"featured_media":0,"comment_status":"closed","ping_status":"closed","sticky":false,"template":"","format":"standard","meta":{"footnotes":""},"categories":[52,63,92,183],"tags":[],"class_list":["post-193250","post","type-post","status-publish","format-standard","hentry","category-eletrotecnica","category-ensino-tecnico","category-mecanica","category-mecatronica"],"yoast_head":"<!-- This site is optimized with the Yoast SEO plugin v27.5 - https:\/\/yoast.com\/product\/yoast-seo-wordpress\/ -->\n<title>T\u00e9cnico Manuten\u00e7\u00e3o II - Mec\u00e2nica - Porto Real - RJ - VagasRIO<\/title>\n<meta name=\"robots\" content=\"index, follow, max-snippet:-1, max-image-preview:large, max-video-preview:-1\" \/>\n<link rel=\"canonical\" href=\"https:\/\/www.vagasrio.com.br\/index.php\/2026\/03\/11\/tecnico-manutencao-ii-mecanica-porto-real-rj\/\" \/>\n<meta property=\"og:locale\" content=\"pt_BR\" \/>\n<meta property=\"og:type\" content=\"article\" \/>\n<meta property=\"og:title\" content=\"T\u00e9cnico Manuten\u00e7\u00e3o II - Mec\u00e2nica - Porto Real - RJ - VagasRIO\" \/>\n<meta property=\"og:description\" content=\"Requisitos: Obrigat\u00f3rio forma\u00e7\u00e3o t\u00e9cnica conclu\u00edda: Mec\u00e2nica, Eletromec\u00e2nica, Mecatr\u00f4nica, ou \u00e1reas afins Desej\u00e1vel: superior completo ou cursando em engenharia de automa\u00e7\u00e3o ou \u00e1reas afins Disponibilidade para [...]\" \/>\n<meta property=\"og:url\" content=\"https:\/\/www.vagasrio.com.br\/index.php\/2026\/03\/11\/tecnico-manutencao-ii-mecanica-porto-real-rj\/\" \/>\n<meta property=\"og:site_name\" content=\"VagasRIO\" \/>\n<meta property=\"article:published_time\" content=\"2026-03-11T18:00:36+00:00\" \/>\n<meta name=\"author\" content=\"vagasemprego\" \/>\n<meta name=\"twitter:card\" content=\"summary_large_image\" \/>\n<meta name=\"twitter:label1\" content=\"Escrito por\" \/>\n\t<meta name=\"twitter:data1\" content=\"vagasemprego\" \/>\n\t<meta name=\"twitter:label2\" content=\"Est. tempo de leitura\" \/>\n\t<meta name=\"twitter:data2\" content=\"2 minutos\" \/>\n<script type=\"application\/ld+json\" class=\"yoast-schema-graph\">{\"@context\":\"https:\\\/\\\/schema.org\",\"@graph\":[{\"@type\":\"Article\",\"@id\":\"https:\\\/\\\/www.vagasrio.com.br\\\/index.php\\\/2026\\\/03\\\/11\\\/tecnico-manutencao-ii-mecanica-porto-real-rj\\\/#article\",\"isPartOf\":{\"@id\":\"https:\\\/\\\/www.vagasrio.com.br\\\/index.php\\\/2026\\\/03\\\/11\\\/tecnico-manutencao-ii-mecanica-porto-real-rj\\\/\"},\"author\":{\"name\":\"vagasemprego\",\"@id\":\"https:\\\/\\\/www.vagasrio.com.br\\\/#\\\/schema\\\/person\\\/c11a3c03d007680d42e30222eff1ea53\"},\"headline\":\"T\u00e9cnico Manuten\u00e7\u00e3o II &#8211; Mec\u00e2nica &#8211; Porto Real &#8211; RJ\",\"datePublished\":\"2026-03-11T18:00:36+00:00\",\"mainEntityOfPage\":{\"@id\":\"https:\\\/\\\/www.vagasrio.com.br\\\/index.php\\\/2026\\\/03\\\/11\\\/tecnico-manutencao-ii-mecanica-porto-real-rj\\\/\"},\"wordCount\":446,\"publisher\":{\"@id\":\"https:\\\/\\\/www.vagasrio.com.br\\\/#organization\"},\"articleSection\":[\"eletromec\u00e2nica\",\"ensino t\u00e9cnico\",\"mec\u00e2nica\",\"mecatr\u00f4nica\"],\"inLanguage\":\"pt-BR\"},{\"@type\":\"WebPage\",\"@id\":\"https:\\\/\\\/www.vagasrio.com.br\\\/index.php\\\/2026\\\/03\\\/11\\\/tecnico-manutencao-ii-mecanica-porto-real-rj\\\/\",\"url\":\"https:\\\/\\\/www.vagasrio.com.br\\\/index.php\\\/2026\\\/03\\\/11\\\/tecnico-manutencao-ii-mecanica-porto-real-rj\\\/\",\"name\":\"T\u00e9cnico Manuten\u00e7\u00e3o II - Mec\u00e2nica - Porto Real - RJ - VagasRIO\",\"isPartOf\":{\"@id\":\"https:\\\/\\\/www.vagasrio.com.br\\\/#website\"},\"datePublished\":\"2026-03-11T18:00:36+00:00\",\"breadcrumb\":{\"@id\":\"https:\\\/\\\/www.vagasrio.com.br\\\/index.php\\\/2026\\\/03\\\/11\\\/tecnico-manutencao-ii-mecanica-porto-real-rj\\\/#breadcrumb\"},\"inLanguage\":\"pt-BR\",\"potentialAction\":[{\"@type\":\"ReadAction\",\"target\":[\"https:\\\/\\\/www.vagasrio.com.br\\\/index.php\\\/2026\\\/03\\\/11\\\/tecnico-manutencao-ii-mecanica-porto-real-rj\\\/\"]}]},{\"@type\":\"BreadcrumbList\",\"@id\":\"https:\\\/\\\/www.vagasrio.com.br\\\/index.php\\\/2026\\\/03\\\/11\\\/tecnico-manutencao-ii-mecanica-porto-real-rj\\\/#breadcrumb\",\"itemListElement\":[{\"@type\":\"ListItem\",\"position\":1,\"name\":\"Home\",\"item\":\"https:\\\/\\\/www.vagasrio.com.br\\\/\"},{\"@type\":\"ListItem\",\"position\":2,\"name\":\"T\u00e9cnico Manuten\u00e7\u00e3o II &#8211; Mec\u00e2nica &#8211; Porto Real &#8211; RJ\"}]},{\"@type\":\"WebSite\",\"@id\":\"https:\\\/\\\/www.vagasrio.com.br\\\/#website\",\"url\":\"https:\\\/\\\/www.vagasrio.com.br\\\/\",\"name\":\"VagasRIO\",\"description\":\"Vagas de Emprego e Est\u00e1gio no Rio de Janeiro\",\"publisher\":{\"@id\":\"https:\\\/\\\/www.vagasrio.com.br\\\/#organization\"},\"potentialAction\":[{\"@type\":\"SearchAction\",\"target\":{\"@type\":\"EntryPoint\",\"urlTemplate\":\"https:\\\/\\\/www.vagasrio.com.br\\\/?s={search_term_string}\"},\"query-input\":{\"@type\":\"PropertyValueSpecification\",\"valueRequired\":true,\"valueName\":\"search_term_string\"}}],\"inLanguage\":\"pt-BR\"},{\"@type\":\"Organization\",\"@id\":\"https:\\\/\\\/www.vagasrio.com.br\\\/#organization\",\"name\":\"VagasRIO\",\"url\":\"https:\\\/\\\/www.vagasrio.com.br\\\/\",\"logo\":{\"@type\":\"ImageObject\",\"inLanguage\":\"pt-BR\",\"@id\":\"https:\\\/\\\/www.vagasrio.com.br\\\/#\\\/schema\\\/logo\\\/image\\\/\",\"url\":\"https:\\\/\\\/www.vagasrio.com.br\\\/wp-content\\\/uploads\\\/2025\\\/06\\\/cropped-logo90.jpg\",\"contentUrl\":\"https:\\\/\\\/www.vagasrio.com.br\\\/wp-content\\\/uploads\\\/2025\\\/06\\\/cropped-logo90.jpg\",\"width\":220,\"height\":90,\"caption\":\"VagasRIO\"},\"image\":{\"@id\":\"https:\\\/\\\/www.vagasrio.com.br\\\/#\\\/schema\\\/logo\\\/image\\\/\"}},{\"@type\":\"Person\",\"@id\":\"https:\\\/\\\/www.vagasrio.com.br\\\/#\\\/schema\\\/person\\\/c11a3c03d007680d42e30222eff1ea53\",\"name\":\"vagasemprego\",\"image\":{\"@type\":\"ImageObject\",\"inLanguage\":\"pt-BR\",\"@id\":\"https:\\\/\\\/secure.gravatar.com\\\/avatar\\\/e198f9393383244894b06db503be8cb43011f384a429c7a9f84f3f61c138a35e?s=96&d=mm&r=g\",\"url\":\"https:\\\/\\\/secure.gravatar.com\\\/avatar\\\/e198f9393383244894b06db503be8cb43011f384a429c7a9f84f3f61c138a35e?s=96&d=mm&r=g\",\"contentUrl\":\"https:\\\/\\\/secure.gravatar.com\\\/avatar\\\/e198f9393383244894b06db503be8cb43011f384a429c7a9f84f3f61c138a35e?s=96&d=mm&r=g\",\"caption\":\"vagasemprego\"},\"url\":\"https:\\\/\\\/www.vagasrio.com.br\\\/index.php\\\/author\\\/vagasemprego\\\/\"}]}<\/script>\n<!-- \/ Yoast SEO plugin. -->","yoast_head_json":{"title":"T\u00e9cnico Manuten\u00e7\u00e3o II - Mec\u00e2nica - Porto Real - RJ - VagasRIO","robots":{"index":"index","follow":"follow","max-snippet":"max-snippet:-1","max-image-preview":"max-image-preview:large","max-video-preview":"max-video-preview:-1"},"canonical":"https:\/\/www.vagasrio.com.br\/index.php\/2026\/03\/11\/tecnico-manutencao-ii-mecanica-porto-real-rj\/","og_locale":"pt_BR","og_type":"article","og_title":"T\u00e9cnico Manuten\u00e7\u00e3o II - Mec\u00e2nica - Porto Real - RJ - VagasRIO","og_description":"Requisitos: Obrigat\u00f3rio forma\u00e7\u00e3o t\u00e9cnica conclu\u00edda: Mec\u00e2nica, Eletromec\u00e2nica, Mecatr\u00f4nica, ou \u00e1reas afins Desej\u00e1vel: superior completo ou cursando em engenharia de automa\u00e7\u00e3o ou \u00e1reas afins Disponibilidade para [...]","og_url":"https:\/\/www.vagasrio.com.br\/index.php\/2026\/03\/11\/tecnico-manutencao-ii-mecanica-porto-real-rj\/","og_site_name":"VagasRIO","article_published_time":"2026-03-11T18:00:36+00:00","author":"vagasemprego","twitter_card":"summary_large_image","twitter_misc":{"Escrito por":"vagasemprego","Est. tempo de leitura":"2 minutos"},"schema":{"@context":"https:\/\/schema.org","@graph":[{"@type":"Article","@id":"https:\/\/www.vagasrio.com.br\/index.php\/2026\/03\/11\/tecnico-manutencao-ii-mecanica-porto-real-rj\/#article","isPartOf":{"@id":"https:\/\/www.vagasrio.com.br\/index.php\/2026\/03\/11\/tecnico-manutencao-ii-mecanica-porto-real-rj\/"},"author":{"name":"vagasemprego","@id":"https:\/\/www.vagasrio.com.br\/#\/schema\/person\/c11a3c03d007680d42e30222eff1ea53"},"headline":"T\u00e9cnico Manuten\u00e7\u00e3o II &#8211; Mec\u00e2nica &#8211; Porto Real &#8211; RJ","datePublished":"2026-03-11T18:00:36+00:00","mainEntityOfPage":{"@id":"https:\/\/www.vagasrio.com.br\/index.php\/2026\/03\/11\/tecnico-manutencao-ii-mecanica-porto-real-rj\/"},"wordCount":446,"publisher":{"@id":"https:\/\/www.vagasrio.com.br\/#organization"},"articleSection":["eletromec\u00e2nica","ensino t\u00e9cnico","mec\u00e2nica","mecatr\u00f4nica"],"inLanguage":"pt-BR"},{"@type":"WebPage","@id":"https:\/\/www.vagasrio.com.br\/index.php\/2026\/03\/11\/tecnico-manutencao-ii-mecanica-porto-real-rj\/","url":"https:\/\/www.vagasrio.com.br\/index.php\/2026\/03\/11\/tecnico-manutencao-ii-mecanica-porto-real-rj\/","name":"T\u00e9cnico Manuten\u00e7\u00e3o II - Mec\u00e2nica - Porto Real - RJ - VagasRIO","isPartOf":{"@id":"https:\/\/www.vagasrio.com.br\/#website"},"datePublished":"2026-03-11T18:00:36+00:00","breadcrumb":{"@id":"https:\/\/www.vagasrio.com.br\/index.php\/2026\/03\/11\/tecnico-manutencao-ii-mecanica-porto-real-rj\/#breadcrumb"},"inLanguage":"pt-BR","potentialAction":[{"@type":"ReadAction","target":["https:\/\/www.vagasrio.com.br\/index.php\/2026\/03\/11\/tecnico-manutencao-ii-mecanica-porto-real-rj\/"]}]},{"@type":"BreadcrumbList","@id":"https:\/\/www.vagasrio.com.br\/index.php\/2026\/03\/11\/tecnico-manutencao-ii-mecanica-porto-real-rj\/#breadcrumb","itemListElement":[{"@type":"ListItem","position":1,"name":"Home","item":"https:\/\/www.vagasrio.com.br\/"},{"@type":"ListItem","position":2,"name":"T\u00e9cnico Manuten\u00e7\u00e3o II &#8211; Mec\u00e2nica &#8211; Porto Real &#8211; RJ"}]},{"@type":"WebSite","@id":"https:\/\/www.vagasrio.com.br\/#website","url":"https:\/\/www.vagasrio.com.br\/","name":"VagasRIO","description":"Vagas de Emprego e Est\u00e1gio no Rio de Janeiro","publisher":{"@id":"https:\/\/www.vagasrio.com.br\/#organization"},"potentialAction":[{"@type":"SearchAction","target":{"@type":"EntryPoint","urlTemplate":"https:\/\/www.vagasrio.com.br\/?s={search_term_string}"},"query-input":{"@type":"PropertyValueSpecification","valueRequired":true,"valueName":"search_term_string"}}],"inLanguage":"pt-BR"},{"@type":"Organization","@id":"https:\/\/www.vagasrio.com.br\/#organization","name":"VagasRIO","url":"https:\/\/www.vagasrio.com.br\/","logo":{"@type":"ImageObject","inLanguage":"pt-BR","@id":"https:\/\/www.vagasrio.com.br\/#\/schema\/logo\/image\/","url":"https:\/\/www.vagasrio.com.br\/wp-content\/uploads\/2025\/06\/cropped-logo90.jpg","contentUrl":"https:\/\/www.vagasrio.com.br\/wp-content\/uploads\/2025\/06\/cropped-logo90.jpg","width":220,"height":90,"caption":"VagasRIO"},"image":{"@id":"https:\/\/www.vagasrio.com.br\/#\/schema\/logo\/image\/"}},{"@type":"Person","@id":"https:\/\/www.vagasrio.com.br\/#\/schema\/person\/c11a3c03d007680d42e30222eff1ea53","name":"vagasemprego","image":{"@type":"ImageObject","inLanguage":"pt-BR","@id":"https:\/\/secure.gravatar.com\/avatar\/e198f9393383244894b06db503be8cb43011f384a429c7a9f84f3f61c138a35e?s=96&d=mm&r=g","url":"https:\/\/secure.gravatar.com\/avatar\/e198f9393383244894b06db503be8cb43011f384a429c7a9f84f3f61c138a35e?s=96&d=mm&r=g","contentUrl":"https:\/\/secure.gravatar.com\/avatar\/e198f9393383244894b06db503be8cb43011f384a429c7a9f84f3f61c138a35e?s=96&d=mm&r=g","caption":"vagasemprego"},"url":"https:\/\/www.vagasrio.com.br\/index.php\/author\/vagasemprego\/"}]}},"_links":{"self":[{"href":"https:\/\/www.vagasrio.com.br\/index.php\/wp-json\/wp\/v2\/posts\/193250","targetHints":{"allow":["GET"]}}],"collection":[{"href":"https:\/\/www.vagasrio.com.br\/index.php\/wp-json\/wp\/v2\/posts"}],"about":[{"href":"https:\/\/www.vagasrio.com.br\/index.php\/wp-json\/wp\/v2\/types\/post"}],"author":[{"embeddable":true,"href":"https:\/\/www.vagasrio.com.br\/index.php\/wp-json\/wp\/v2\/users\/2"}],"replies":[{"embeddable":true,"href":"https:\/\/www.vagasrio.com.br\/index.php\/wp-json\/wp\/v2\/comments?post=193250"}],"version-history":[{"count":1,"href":"https:\/\/www.vagasrio.com.br\/index.php\/wp-json\/wp\/v2\/posts\/193250\/revisions"}],"predecessor-version":[{"id":193251,"href":"https:\/\/www.vagasrio.com.br\/index.php\/wp-json\/wp\/v2\/posts\/193250\/revisions\/193251"}],"wp:attachment":[{"href":"https:\/\/www.vagasrio.com.br\/index.php\/wp-json\/wp\/v2\/media?parent=193250"}],"wp:term":[{"taxonomy":"category","embeddable":true,"href":"https:\/\/www.vagasrio.com.br\/index.php\/wp-json\/wp\/v2\/categories?post=193250"},{"taxonomy":"post_tag","embeddable":true,"href":"https:\/\/www.vagasrio.com.br\/index.php\/wp-json\/wp\/v2\/tags?post=193250"}],"curies":[{"name":"wp","href":"https:\/\/api.w.org\/{rel}","templated":true}]}}