{"id":193491,"date":"2026-04-30T14:00:35","date_gmt":"2026-04-30T17:00:35","guid":{"rendered":"https:\/\/www.vagasrio.com.br\/?p=193491"},"modified":"2026-04-29T20:43:02","modified_gmt":"2026-04-29T23:43:02","slug":"assistente-de-dp-rio-de-janeiro-rj-2","status":"publish","type":"post","link":"https:\/\/www.vagasrio.com.br\/index.php\/2026\/04\/30\/assistente-de-dp-rio-de-janeiro-rj-2\/","title":{"rendered":"Assistente de DP \u2013 Rio de Janeiro &#8211; RJ"},"content":{"rendered":"<p style=\"text-align: justify;\">Requisitos:<\/p>\n<ul style=\"text-align: justify;\">\n<li>Ensino superior cursando ou completo (RH, Administra\u00e7\u00e3o, Ci\u00eancias Cont\u00e1beis ou \u00e1reas correlatas).<\/li>\n<li>Experi\u00eancia na \u00e1rea de Departamento Pessoal (preferencialmente em escrit\u00f3rio cont\u00e1bil), com fechamento de folha de pagamento, c\u00e1lculos de f\u00e9rias e rescis\u00e3o.<\/li>\n<li>Conhecimento em legisla\u00e7\u00e3o trabalhista e disponibilidade para realizar rotinas de DP de ponta a ponta (admiss\u00e3o at\u00e9 rescis\u00e3o) e conhecimento em eSocial e DCTFWeb.<\/li>\n<li>Desej\u00e1vel conhecimento no Sistema Dom\u00ednio.<\/li>\n<li>Contrata\u00e7\u00e3o: CLT<\/li>\n<\/ul>\n<p style=\"text-align: justify;\">Atividades:<\/p>\n<ul style=\"text-align: justify;\">\n<li>Processamento de admiss\u00f5es, demiss\u00f5es e rescis\u00f5es;<\/li>\n<li>C\u00e1lculo de folha de pagamento, f\u00e9rias, 13\u00ba sal\u00e1rio e encargos;<\/li>\n<li>Envio de obriga\u00e7\u00f5es acess\u00f3rias (eSocial, SEFIP\/FGTS, DCTFWeb, entre outras);<\/li>\n<li>Controle de ponto e benef\u00edcios;<\/li>\n<li>Atendimento a clientes para esclarecimentos trabalhistas;<\/li>\n<li>Organiza\u00e7\u00e3o e confer\u00eancia de documentos.<\/li>\n<\/ul>\n<p style=\"text-align: justify;\">Jornada de trabalho:<\/p>\n<ul style=\"text-align: justify;\">\n<li>Segunda a Sexta Feira das 08:00 \u00e0s 18:00.<\/li>\n<\/ul>\n<p style=\"text-align: justify;\">Sal\u00e1rio:<\/p>\n<ul style=\"text-align: justify;\">\n<li>R$ 2.800,00<\/li>\n<\/ul>\n<p style=\"text-align: justify;\">Benef\u00edcios:<\/p>\n<ul style=\"text-align: justify;\">\n<li>Vale transporte + Vale alimenta\u00e7\u00e3o.<\/li>\n<\/ul>\n<p style=\"text-align: justify;\">Local: Barra da Tijuca \u2013 Rio de Janeiro<\/p>\n<p style=\"text-align: justify;\">Enviar curr\u00edculo informando no assunto do e-mail a vaga de interesse para <a href=\"mailto:perfilrhrecrutamento2013@gmail.com\">perfilrhrecrutamento2013@gmail.com<\/a><\/p>\n","protected":false},"excerpt":{"rendered":"<p>Requisitos: Ensino superior cursando ou completo (RH, Administra\u00e7\u00e3o, Ci\u00eancias Cont\u00e1beis ou \u00e1reas correlatas). Experi\u00eancia na \u00e1rea de Departamento Pessoal (preferencialmente em escrit\u00f3rio cont\u00e1bil), com fechamento [&#8230;]<\/p>\n","protected":false},"author":2,"featured_media":0,"comment_status":"closed","ping_status":"closed","sticky":false,"template":"","format":"standard","meta":{"footnotes":""},"categories":[8,32,61,62,117],"tags":[],"class_list":["post-193491","post","type-post","status-publish","format-standard","hentry","category-auxiliar-administrativo-administrador-assistente","category-contador","category-ensino-superior","category-ensino-superior-em-andamento","category-rh-recursos-humanos-dp-departamento-pessoal"],"yoast_head":"<!-- This site is optimized with the Yoast SEO plugin v27.5 - https:\/\/yoast.com\/product\/yoast-seo-wordpress\/ -->\n<title>Assistente de DP \u2013 Rio de Janeiro - RJ - VagasRIO<\/title>\n<meta name=\"robots\" content=\"index, follow, max-snippet:-1, max-image-preview:large, max-video-preview:-1\" \/>\n<link rel=\"canonical\" href=\"https:\/\/www.vagasrio.com.br\/index.php\/2026\/04\/30\/assistente-de-dp-rio-de-janeiro-rj-2\/\" \/>\n<meta property=\"og:locale\" content=\"pt_BR\" \/>\n<meta property=\"og:type\" content=\"article\" \/>\n<meta property=\"og:title\" content=\"Assistente de DP \u2013 Rio de Janeiro - RJ - VagasRIO\" \/>\n<meta property=\"og:description\" content=\"Requisitos: Ensino superior cursando ou completo (RH, Administra\u00e7\u00e3o, Ci\u00eancias Cont\u00e1beis ou \u00e1reas correlatas). Experi\u00eancia na \u00e1rea de Departamento Pessoal (preferencialmente em escrit\u00f3rio cont\u00e1bil), com fechamento [...]\" \/>\n<meta property=\"og:url\" content=\"https:\/\/www.vagasrio.com.br\/index.php\/2026\/04\/30\/assistente-de-dp-rio-de-janeiro-rj-2\/\" \/>\n<meta property=\"og:site_name\" content=\"VagasRIO\" \/>\n<meta property=\"article:published_time\" content=\"2026-04-30T17:00:35+00:00\" \/>\n<meta name=\"author\" content=\"vagasemprego\" \/>\n<meta name=\"twitter:card\" content=\"summary_large_image\" \/>\n<meta name=\"twitter:label1\" content=\"Escrito por\" \/>\n\t<meta name=\"twitter:data1\" content=\"vagasemprego\" \/>\n\t<meta name=\"twitter:label2\" content=\"Est. tempo de leitura\" \/>\n\t<meta name=\"twitter:data2\" content=\"1 minuto\" \/>\n<script type=\"application\/ld+json\" class=\"yoast-schema-graph\">{\"@context\":\"https:\\\/\\\/schema.org\",\"@graph\":[{\"@type\":\"Article\",\"@id\":\"https:\\\/\\\/www.vagasrio.com.br\\\/index.php\\\/2026\\\/04\\\/30\\\/assistente-de-dp-rio-de-janeiro-rj-2\\\/#article\",\"isPartOf\":{\"@id\":\"https:\\\/\\\/www.vagasrio.com.br\\\/index.php\\\/2026\\\/04\\\/30\\\/assistente-de-dp-rio-de-janeiro-rj-2\\\/\"},\"author\":{\"name\":\"vagasemprego\",\"@id\":\"https:\\\/\\\/www.vagasrio.com.br\\\/#\\\/schema\\\/person\\\/c11a3c03d007680d42e30222eff1ea53\"},\"headline\":\"Assistente de DP \u2013 Rio de Janeiro &#8211; RJ\",\"datePublished\":\"2026-04-30T17:00:35+00:00\",\"mainEntityOfPage\":{\"@id\":\"https:\\\/\\\/www.vagasrio.com.br\\\/index.php\\\/2026\\\/04\\\/30\\\/assistente-de-dp-rio-de-janeiro-rj-2\\\/\"},\"wordCount\":183,\"publisher\":{\"@id\":\"https:\\\/\\\/www.vagasrio.com.br\\\/#organization\"},\"articleSection\":[\"administra\u00e7\u00e3o geral\",\"cont\u00e1bil \\\/ financeiro\",\"ensino superior\",\"ensino superior incompleto\",\"RH \\\/ DP\"],\"inLanguage\":\"pt-BR\"},{\"@type\":\"WebPage\",\"@id\":\"https:\\\/\\\/www.vagasrio.com.br\\\/index.php\\\/2026\\\/04\\\/30\\\/assistente-de-dp-rio-de-janeiro-rj-2\\\/\",\"url\":\"https:\\\/\\\/www.vagasrio.com.br\\\/index.php\\\/2026\\\/04\\\/30\\\/assistente-de-dp-rio-de-janeiro-rj-2\\\/\",\"name\":\"Assistente de DP \u2013 Rio de Janeiro - RJ - VagasRIO\",\"isPartOf\":{\"@id\":\"https:\\\/\\\/www.vagasrio.com.br\\\/#website\"},\"datePublished\":\"2026-04-30T17:00:35+00:00\",\"breadcrumb\":{\"@id\":\"https:\\\/\\\/www.vagasrio.com.br\\\/index.php\\\/2026\\\/04\\\/30\\\/assistente-de-dp-rio-de-janeiro-rj-2\\\/#breadcrumb\"},\"inLanguage\":\"pt-BR\",\"potentialAction\":[{\"@type\":\"ReadAction\",\"target\":[\"https:\\\/\\\/www.vagasrio.com.br\\\/index.php\\\/2026\\\/04\\\/30\\\/assistente-de-dp-rio-de-janeiro-rj-2\\\/\"]}]},{\"@type\":\"BreadcrumbList\",\"@id\":\"https:\\\/\\\/www.vagasrio.com.br\\\/index.php\\\/2026\\\/04\\\/30\\\/assistente-de-dp-rio-de-janeiro-rj-2\\\/#breadcrumb\",\"itemListElement\":[{\"@type\":\"ListItem\",\"position\":1,\"name\":\"Home\",\"item\":\"https:\\\/\\\/www.vagasrio.com.br\\\/\"},{\"@type\":\"ListItem\",\"position\":2,\"name\":\"Assistente de DP \u2013 Rio de Janeiro &#8211; RJ\"}]},{\"@type\":\"WebSite\",\"@id\":\"https:\\\/\\\/www.vagasrio.com.br\\\/#website\",\"url\":\"https:\\\/\\\/www.vagasrio.com.br\\\/\",\"name\":\"VagasRIO\",\"description\":\"Vagas de Emprego e Est\u00e1gio no Rio de Janeiro\",\"publisher\":{\"@id\":\"https:\\\/\\\/www.vagasrio.com.br\\\/#organization\"},\"potentialAction\":[{\"@type\":\"SearchAction\",\"target\":{\"@type\":\"EntryPoint\",\"urlTemplate\":\"https:\\\/\\\/www.vagasrio.com.br\\\/?s={search_term_string}\"},\"query-input\":{\"@type\":\"PropertyValueSpecification\",\"valueRequired\":true,\"valueName\":\"search_term_string\"}}],\"inLanguage\":\"pt-BR\"},{\"@type\":\"Organization\",\"@id\":\"https:\\\/\\\/www.vagasrio.com.br\\\/#organization\",\"name\":\"VagasRIO\",\"url\":\"https:\\\/\\\/www.vagasrio.com.br\\\/\",\"logo\":{\"@type\":\"ImageObject\",\"inLanguage\":\"pt-BR\",\"@id\":\"https:\\\/\\\/www.vagasrio.com.br\\\/#\\\/schema\\\/logo\\\/image\\\/\",\"url\":\"https:\\\/\\\/www.vagasrio.com.br\\\/wp-content\\\/uploads\\\/2025\\\/06\\\/cropped-logo90.jpg\",\"contentUrl\":\"https:\\\/\\\/www.vagasrio.com.br\\\/wp-content\\\/uploads\\\/2025\\\/06\\\/cropped-logo90.jpg\",\"width\":220,\"height\":90,\"caption\":\"VagasRIO\"},\"image\":{\"@id\":\"https:\\\/\\\/www.vagasrio.com.br\\\/#\\\/schema\\\/logo\\\/image\\\/\"}},{\"@type\":\"Person\",\"@id\":\"https:\\\/\\\/www.vagasrio.com.br\\\/#\\\/schema\\\/person\\\/c11a3c03d007680d42e30222eff1ea53\",\"name\":\"vagasemprego\",\"image\":{\"@type\":\"ImageObject\",\"inLanguage\":\"pt-BR\",\"@id\":\"https:\\\/\\\/secure.gravatar.com\\\/avatar\\\/e198f9393383244894b06db503be8cb43011f384a429c7a9f84f3f61c138a35e?s=96&d=mm&r=g\",\"url\":\"https:\\\/\\\/secure.gravatar.com\\\/avatar\\\/e198f9393383244894b06db503be8cb43011f384a429c7a9f84f3f61c138a35e?s=96&d=mm&r=g\",\"contentUrl\":\"https:\\\/\\\/secure.gravatar.com\\\/avatar\\\/e198f9393383244894b06db503be8cb43011f384a429c7a9f84f3f61c138a35e?s=96&d=mm&r=g\",\"caption\":\"vagasemprego\"},\"url\":\"https:\\\/\\\/www.vagasrio.com.br\\\/index.php\\\/author\\\/vagasemprego\\\/\"}]}<\/script>\n<!-- \/ Yoast SEO plugin. -->","yoast_head_json":{"title":"Assistente de DP \u2013 Rio de Janeiro - RJ - VagasRIO","robots":{"index":"index","follow":"follow","max-snippet":"max-snippet:-1","max-image-preview":"max-image-preview:large","max-video-preview":"max-video-preview:-1"},"canonical":"https:\/\/www.vagasrio.com.br\/index.php\/2026\/04\/30\/assistente-de-dp-rio-de-janeiro-rj-2\/","og_locale":"pt_BR","og_type":"article","og_title":"Assistente de DP \u2013 Rio de Janeiro - RJ - VagasRIO","og_description":"Requisitos: Ensino superior cursando ou completo (RH, Administra\u00e7\u00e3o, Ci\u00eancias Cont\u00e1beis ou \u00e1reas correlatas). Experi\u00eancia na \u00e1rea de Departamento Pessoal (preferencialmente em escrit\u00f3rio cont\u00e1bil), com fechamento [...]","og_url":"https:\/\/www.vagasrio.com.br\/index.php\/2026\/04\/30\/assistente-de-dp-rio-de-janeiro-rj-2\/","og_site_name":"VagasRIO","article_published_time":"2026-04-30T17:00:35+00:00","author":"vagasemprego","twitter_card":"summary_large_image","twitter_misc":{"Escrito por":"vagasemprego","Est. tempo de leitura":"1 minuto"},"schema":{"@context":"https:\/\/schema.org","@graph":[{"@type":"Article","@id":"https:\/\/www.vagasrio.com.br\/index.php\/2026\/04\/30\/assistente-de-dp-rio-de-janeiro-rj-2\/#article","isPartOf":{"@id":"https:\/\/www.vagasrio.com.br\/index.php\/2026\/04\/30\/assistente-de-dp-rio-de-janeiro-rj-2\/"},"author":{"name":"vagasemprego","@id":"https:\/\/www.vagasrio.com.br\/#\/schema\/person\/c11a3c03d007680d42e30222eff1ea53"},"headline":"Assistente de DP \u2013 Rio de Janeiro &#8211; RJ","datePublished":"2026-04-30T17:00:35+00:00","mainEntityOfPage":{"@id":"https:\/\/www.vagasrio.com.br\/index.php\/2026\/04\/30\/assistente-de-dp-rio-de-janeiro-rj-2\/"},"wordCount":183,"publisher":{"@id":"https:\/\/www.vagasrio.com.br\/#organization"},"articleSection":["administra\u00e7\u00e3o geral","cont\u00e1bil \/ financeiro","ensino superior","ensino superior incompleto","RH \/ DP"],"inLanguage":"pt-BR"},{"@type":"WebPage","@id":"https:\/\/www.vagasrio.com.br\/index.php\/2026\/04\/30\/assistente-de-dp-rio-de-janeiro-rj-2\/","url":"https:\/\/www.vagasrio.com.br\/index.php\/2026\/04\/30\/assistente-de-dp-rio-de-janeiro-rj-2\/","name":"Assistente de DP \u2013 Rio de Janeiro - RJ - VagasRIO","isPartOf":{"@id":"https:\/\/www.vagasrio.com.br\/#website"},"datePublished":"2026-04-30T17:00:35+00:00","breadcrumb":{"@id":"https:\/\/www.vagasrio.com.br\/index.php\/2026\/04\/30\/assistente-de-dp-rio-de-janeiro-rj-2\/#breadcrumb"},"inLanguage":"pt-BR","potentialAction":[{"@type":"ReadAction","target":["https:\/\/www.vagasrio.com.br\/index.php\/2026\/04\/30\/assistente-de-dp-rio-de-janeiro-rj-2\/"]}]},{"@type":"BreadcrumbList","@id":"https:\/\/www.vagasrio.com.br\/index.php\/2026\/04\/30\/assistente-de-dp-rio-de-janeiro-rj-2\/#breadcrumb","itemListElement":[{"@type":"ListItem","position":1,"name":"Home","item":"https:\/\/www.vagasrio.com.br\/"},{"@type":"ListItem","position":2,"name":"Assistente de DP \u2013 Rio de Janeiro &#8211; RJ"}]},{"@type":"WebSite","@id":"https:\/\/www.vagasrio.com.br\/#website","url":"https:\/\/www.vagasrio.com.br\/","name":"VagasRIO","description":"Vagas de Emprego e Est\u00e1gio no Rio de Janeiro","publisher":{"@id":"https:\/\/www.vagasrio.com.br\/#organization"},"potentialAction":[{"@type":"SearchAction","target":{"@type":"EntryPoint","urlTemplate":"https:\/\/www.vagasrio.com.br\/?s={search_term_string}"},"query-input":{"@type":"PropertyValueSpecification","valueRequired":true,"valueName":"search_term_string"}}],"inLanguage":"pt-BR"},{"@type":"Organization","@id":"https:\/\/www.vagasrio.com.br\/#organization","name":"VagasRIO","url":"https:\/\/www.vagasrio.com.br\/","logo":{"@type":"ImageObject","inLanguage":"pt-BR","@id":"https:\/\/www.vagasrio.com.br\/#\/schema\/logo\/image\/","url":"https:\/\/www.vagasrio.com.br\/wp-content\/uploads\/2025\/06\/cropped-logo90.jpg","contentUrl":"https:\/\/www.vagasrio.com.br\/wp-content\/uploads\/2025\/06\/cropped-logo90.jpg","width":220,"height":90,"caption":"VagasRIO"},"image":{"@id":"https:\/\/www.vagasrio.com.br\/#\/schema\/logo\/image\/"}},{"@type":"Person","@id":"https:\/\/www.vagasrio.com.br\/#\/schema\/person\/c11a3c03d007680d42e30222eff1ea53","name":"vagasemprego","image":{"@type":"ImageObject","inLanguage":"pt-BR","@id":"https:\/\/secure.gravatar.com\/avatar\/e198f9393383244894b06db503be8cb43011f384a429c7a9f84f3f61c138a35e?s=96&d=mm&r=g","url":"https:\/\/secure.gravatar.com\/avatar\/e198f9393383244894b06db503be8cb43011f384a429c7a9f84f3f61c138a35e?s=96&d=mm&r=g","contentUrl":"https:\/\/secure.gravatar.com\/avatar\/e198f9393383244894b06db503be8cb43011f384a429c7a9f84f3f61c138a35e?s=96&d=mm&r=g","caption":"vagasemprego"},"url":"https:\/\/www.vagasrio.com.br\/index.php\/author\/vagasemprego\/"}]}},"_links":{"self":[{"href":"https:\/\/www.vagasrio.com.br\/index.php\/wp-json\/wp\/v2\/posts\/193491","targetHints":{"allow":["GET"]}}],"collection":[{"href":"https:\/\/www.vagasrio.com.br\/index.php\/wp-json\/wp\/v2\/posts"}],"about":[{"href":"https:\/\/www.vagasrio.com.br\/index.php\/wp-json\/wp\/v2\/types\/post"}],"author":[{"embeddable":true,"href":"https:\/\/www.vagasrio.com.br\/index.php\/wp-json\/wp\/v2\/users\/2"}],"replies":[{"embeddable":true,"href":"https:\/\/www.vagasrio.com.br\/index.php\/wp-json\/wp\/v2\/comments?post=193491"}],"version-history":[{"count":1,"href":"https:\/\/www.vagasrio.com.br\/index.php\/wp-json\/wp\/v2\/posts\/193491\/revisions"}],"predecessor-version":[{"id":193492,"href":"https:\/\/www.vagasrio.com.br\/index.php\/wp-json\/wp\/v2\/posts\/193491\/revisions\/193492"}],"wp:attachment":[{"href":"https:\/\/www.vagasrio.com.br\/index.php\/wp-json\/wp\/v2\/media?parent=193491"}],"wp:term":[{"taxonomy":"category","embeddable":true,"href":"https:\/\/www.vagasrio.com.br\/index.php\/wp-json\/wp\/v2\/categories?post=193491"},{"taxonomy":"post_tag","embeddable":true,"href":"https:\/\/www.vagasrio.com.br\/index.php\/wp-json\/wp\/v2\/tags?post=193491"}],"curies":[{"name":"wp","href":"https:\/\/api.w.org\/{rel}","templated":true}]}}